{"id":285,"date":"2026-04-12T20:17:06","date_gmt":"2026-04-12T18:17:06","guid":{"rendered":"https:\/\/mmi-tarbes.fr\/TP_STRAT-2025-2026\/GALLOUZE_Annabelle\/Wordpress\/?p=285"},"modified":"2026-04-12T20:21:02","modified_gmt":"2026-04-12T18:21:02","slug":"world-cafe-ia","status":"publish","type":"post","link":"https:\/\/mmi-tarbes.fr\/TP_STRAT-2025-2026\/GALLOUZE_Annabelle\/Wordpress\/2026\/04\/12\/world-cafe-ia\/","title":{"rendered":"World Caf\u00e9 IA"},"content":{"rendered":"\t\t<div data-elementor-type=\"wp-post\" data-elementor-id=\"285\" class=\"elementor elementor-285\" data-elementor-post-type=\"post\">\n\t\t\t\t<div class=\"elementor-element elementor-element-677d8e7 e-flex e-con-boxed wpr-particle-no wpr-jarallax-no wpr-parallax-no wpr-sticky-section-no wpr-equal-height-no e-con e-parent\" data-id=\"677d8e7\" data-element_type=\"container\">\n\t\t\t\t\t<div class=\"e-con-inner\">\n\t\t\t\t<div class=\"elementor-element elementor-element-430df6b elementor-widget elementor-widget-text-editor\" data-id=\"430df6b\" data-element_type=\"widget\" data-widget_type=\"text-editor.default\">\n\t\t\t\t\t\t\t\t\t<p><span style=\"font-weight: 400;\">Dans le cadre de mon BUT MMI (3\u1d49 ann\u00e9e), j\u2019ai particip\u00e9 \u00e0 la conception et \u00e0 l\u2019organisation compl\u00e8te d\u2019un \u00e9v\u00e9nement en collaboration avec Le Lien, un tiers-lieu \u00e9coresponsable. Cet \u00e9v\u00e9nement, organis\u00e9 le 12 d\u00e9cembre 2025, prenait la forme d\u2019un World Caf\u00e9 autour de la th\u00e9matique de l\u2019intelligence artificielle.<\/span><\/p><p><span style=\"font-weight: 400;\">J\u2019ai contribu\u00e9 \u00e0 toutes les \u00e9tapes du projet, de la r\u00e9flexion strat\u00e9gique \u00e0 la mise en \u0153uvre op\u00e9rationnelle. Cela inclut la recherche de partenaires et d\u2019intervenants, la d\u00e9finition des th\u00e9matiques de discussion, ainsi qu\u2019un important travail de veille pour nourrir les \u00e9changes. En parall\u00e8le, nous avons con\u00e7u l\u2019ensemble de l\u2019identit\u00e9 visuelle de l\u2019\u00e9v\u00e9nement : direction artistique, cr\u00e9ation du logo, supports de communication (flyers), ainsi qu\u2019un site web d\u00e9di\u00e9 et des contenus pour les r\u00e9seaux sociaux.<\/span><\/p><p><span style=\"font-weight: 400;\">L\u2019\u00e9v\u00e9nement a \u00e9t\u00e9 pens\u00e9 dans les moindres d\u00e9tails : \u00e9laboration du planning, sc\u00e9nographie du lieu, organisation logistique (buffet, programmation musicale) et coordination globale. Ouvert au public, il visait \u00e0 cr\u00e9er un espace d\u2019\u00e9change accessible, favorisant la r\u00e9flexion collective autour des enjeux de l\u2019IA.<\/span><\/p><p><span style=\"font-weight: 400;\">Le jour J, j\u2019ai \u00e9galement pris part \u00e0 l\u2019animation du World Caf\u00e9 en encadrant une table de discussion, tout en participant \u00e0 la captation de contenus (photo, vid\u00e9o, interviews) et \u00e0 la restitution des id\u00e9es issues des \u00e9changes.<\/span><\/p><p><span style=\"font-weight: 400;\">Ce projet m\u2019a permis d\u2019exp\u00e9rimenter les r\u00e9alit\u00e9s de l\u2019\u00e9v\u00e9nementiel en conditions professionnelles : gestion de projet, travail d\u2019\u00e9quipe, communication globale et capacit\u00e9 d\u2019adaptation. Une exp\u00e9rience concr\u00e8te, immersive et formatrice.<\/span><\/p>\t\t\t\t\t\t\t\t<\/div>\n\t\t\t\t<div class=\"elementor-element elementor-element-2d1f046 elementor-align-center elementor-widget elementor-widget-button\" data-id=\"2d1f046\" data-element_type=\"widget\" data-widget_type=\"button.default\">\n\t\t\t\t\t\t\t\t\t\t<a class=\"elementor-button elementor-button-link elementor-size-sm\" href=\"https:\/\/www.hapycafe-ia.fr\/\" target=\"_blank\" id=\"site-ia\">\n\t\t\t\t\t\t<span class=\"elementor-button-content-wrapper\">\n\t\t\t\t\t\t\t\t\t<span class=\"elementor-button-text\">Voir Site Internet<\/span>\n\t\t\t\t\t<\/span>\n\t\t\t\t\t<\/a>\n\t\t\t\t\t\t\t\t<\/div>\n\t\t\t\t<div class=\"elementor-element elementor-element-7519436 elementor-arrows-position-inside elementor-pagination-position-outside elementor-widget elementor-widget-image-carousel\" data-id=\"7519436\" data-element_type=\"widget\" data-settings=\"{&quot;image_spacing_custom&quot;:{&quot;unit&quot;:&quot;px&quot;,&quot;size&quot;:45,&quot;sizes&quot;:[]},&quot;navigation&quot;:&quot;both&quot;,&quot;autoplay&quot;:&quot;yes&quot;,&quot;pause_on_hover&quot;:&quot;yes&quot;,&quot;pause_on_interaction&quot;:&quot;yes&quot;,&quot;autoplay_speed&quot;:5000,&quot;infinite&quot;:&quot;yes&quot;,&quot;speed&quot;:500,&quot;image_spacing_custom_tablet&quot;:{&quot;unit&quot;:&quot;px&quot;,&quot;size&quot;:&quot;&quot;,&quot;sizes&quot;:[]},&quot;image_spacing_custom_mobile&quot;:{&quot;unit&quot;:&quot;px&quot;,&quot;size&quot;:&quot;&quot;,&quot;sizes&quot;:[]}}\" data-widget_type=\"image-carousel.default\">\n\t\t\t\t\t\t\t<div class=\"elementor-image-carousel-wrapper swiper\" role=\"region\" aria-roledescription=\"carousel\" aria-label=\"Affiches\" dir=\"ltr\">\n\t\t\t<div class=\"elementor-image-carousel swiper-wrapper\" aria-live=\"off\">\n\t\t\t\t\t\t\t\t<div class=\"swiper-slide\" role=\"group\" aria-roledescription=\"slide\" aria-label=\"1 sur 3\"><figure class=\"swiper-slide-inner\"><img decoding=\"async\" class=\"swiper-slide-image\" src=\"https:\/\/mmi-tarbes.fr\/TP_STRAT-2025-2026\/GALLOUZE_Annabelle\/Wordpress\/wp-content\/uploads\/2026\/04\/Capture-decran-2026-04-12-200849-1-768x1104.png\" alt=\"Capture d&#039;\u00e9cran 2026-04-12 200849\" \/><\/figure><\/div><div class=\"swiper-slide\" role=\"group\" aria-roledescription=\"slide\" aria-label=\"2 sur 3\"><figure class=\"swiper-slide-inner\"><img decoding=\"async\" class=\"swiper-slide-image\" src=\"https:\/\/mmi-tarbes.fr\/TP_STRAT-2025-2026\/GALLOUZE_Annabelle\/Wordpress\/wp-content\/uploads\/2026\/04\/Capture-decran-2026-04-12-201354-768x1038.png\" alt=\"Capture d&#039;\u00e9cran 2026-04-12 201354\" \/><\/figure><\/div><div class=\"swiper-slide\" role=\"group\" aria-roledescription=\"slide\" aria-label=\"3 sur 3\"><figure class=\"swiper-slide-inner\"><img decoding=\"async\" class=\"swiper-slide-image\" src=\"https:\/\/mmi-tarbes.fr\/TP_STRAT-2025-2026\/GALLOUZE_Annabelle\/Wordpress\/wp-content\/uploads\/2026\/04\/logo-simple-World-cafe-e1762261042496.png\" alt=\"logo-simple-World-cafe-e1762261042496\" \/><\/figure><\/div>\t\t\t<\/div>\n\t\t\t\t\t\t\t\t\t\t\t\t<div class=\"elementor-swiper-button elementor-swiper-button-prev\" role=\"button\" tabindex=\"0\">\n\t\t\t\t\t\t<svg aria-hidden=\"true\" class=\"e-font-icon-svg e-eicon-chevron-left\" viewBox=\"0 0 1000 1000\" xmlns=\"http:\/\/www.w3.org\/2000\/svg\"><path d=\"M646 125C629 125 613 133 604 142L308 442C296 454 292 471 292 487 292 504 296 521 308 533L604 854C617 867 629 875 646 875 663 875 679 871 692 858 704 846 713 829 713 812 713 796 708 779 692 767L438 487 692 225C700 217 708 204 708 187 708 171 704 154 692 142 675 129 663 125 646 125Z\"><\/path><\/svg>\t\t\t\t\t<\/div>\n\t\t\t\t\t<div class=\"elementor-swiper-button elementor-swiper-button-next\" role=\"button\" tabindex=\"0\">\n\t\t\t\t\t\t<svg aria-hidden=\"true\" class=\"e-font-icon-svg e-eicon-chevron-right\" viewBox=\"0 0 1000 1000\" xmlns=\"http:\/\/www.w3.org\/2000\/svg\"><path d=\"M696 533C708 521 713 504 713 487 713 471 708 454 696 446L400 146C388 133 375 125 354 125 338 125 325 129 313 142 300 154 292 171 292 187 292 204 296 221 308 233L563 492 304 771C292 783 288 800 288 817 288 833 296 850 308 863 321 871 338 875 354 875 371 875 388 867 400 854L696 533Z\"><\/path><\/svg>\t\t\t\t\t<\/div>\n\t\t\t\t\n\t\t\t\t\t\t\t\t\t<div class=\"swiper-pagination\"><\/div>\n\t\t\t\t\t\t\t\t\t<\/div>\n\t\t\t\t\t\t<\/div>\n\t\t\t\t\t<\/div>\n\t\t\t\t<\/div>\n\t\t\t\t<\/div>\n\t\t","protected":false},"excerpt":{"rendered":"<p>Dans le cadre de mon BUT MMI (3\u1d49 ann\u00e9e), j\u2019ai particip\u00e9 \u00e0 la conception et \u00e0 l\u2019organisation compl\u00e8te d\u2019un \u00e9v\u00e9nement en collaboration avec Le Lien, un tiers-lieu \u00e9coresponsable. Cet \u00e9v\u00e9nement, organis\u00e9 le 12 d\u00e9cembre 2025, prenait la forme d\u2019un World Caf\u00e9 autour de la th\u00e9matique de l\u2019intelligence artificielle. J\u2019ai contribu\u00e9 \u00e0 toutes les \u00e9tapes du projet, de la r\u00e9flexion strat\u00e9gique \u00e0 la mise en \u0153uvre op\u00e9rationnelle. Cela inclut la recherche de partenaires et d\u2019intervenants, la d\u00e9finition des th\u00e9matiques de discussion, ainsi qu\u2019un important travail de veille pour nourrir les \u00e9changes. En parall\u00e8le, nous avons con\u00e7u l\u2019ensemble de l\u2019identit\u00e9 visuelle de l\u2019\u00e9v\u00e9nement : direction artistique, cr\u00e9ation du logo, supports de communication (flyers), ainsi qu\u2019un site web d\u00e9di\u00e9 et des contenus pour les r\u00e9seaux sociaux. L\u2019\u00e9v\u00e9nement a \u00e9t\u00e9 pens\u00e9 dans les moindres d\u00e9tails : \u00e9laboration du planning, sc\u00e9nographie du lieu, organisation logistique (buffet, programmation musicale) et coordination globale. Ouvert au public, il visait \u00e0 cr\u00e9er un espace d\u2019\u00e9change accessible, favorisant la r\u00e9flexion collective autour des enjeux de l\u2019IA. Le jour J, j\u2019ai \u00e9galement pris part \u00e0 l\u2019animation du World Caf\u00e9 en encadrant une table de discussion, tout en participant \u00e0 la captation de contenus (photo, vid\u00e9o, interviews) et \u00e0 la restitution des id\u00e9es issues des \u00e9changes. Ce projet m\u2019a permis d\u2019exp\u00e9rimenter les r\u00e9alit\u00e9s de l\u2019\u00e9v\u00e9nementiel en conditions professionnelles : gestion de projet, travail d\u2019\u00e9quipe, communication globale et capacit\u00e9 d\u2019adaptation. Une exp\u00e9rience concr\u00e8te, immersive et formatrice. Voir Site Internet<\/p>\n","protected":false},"author":1,"featured_media":286,"comment_status":"open","ping_status":"open","sticky":false,"template":"","format":"standard","meta":{"footnotes":""},"categories":[6],"tags":[],"class_list":["post-285","post","type-post","status-publish","format-standard","has-post-thumbnail","hentry","category-projets"],"_links":{"self":[{"href":"https:\/\/mmi-tarbes.fr\/TP_STRAT-2025-2026\/GALLOUZE_Annabelle\/Wordpress\/wp-json\/wp\/v2\/posts\/285","targetHints":{"allow":["GET"]}}],"collection":[{"href":"https:\/\/mmi-tarbes.fr\/TP_STRAT-2025-2026\/GALLOUZE_Annabelle\/Wordpress\/wp-json\/wp\/v2\/posts"}],"about":[{"href":"https:\/\/mmi-tarbes.fr\/TP_STRAT-2025-2026\/GALLOUZE_Annabelle\/Wordpress\/wp-json\/wp\/v2\/types\/post"}],"author":[{"embeddable":true,"href":"https:\/\/mmi-tarbes.fr\/TP_STRAT-2025-2026\/GALLOUZE_Annabelle\/Wordpress\/wp-json\/wp\/v2\/users\/1"}],"replies":[{"embeddable":true,"href":"https:\/\/mmi-tarbes.fr\/TP_STRAT-2025-2026\/GALLOUZE_Annabelle\/Wordpress\/wp-json\/wp\/v2\/comments?post=285"}],"version-history":[{"count":4,"href":"https:\/\/mmi-tarbes.fr\/TP_STRAT-2025-2026\/GALLOUZE_Annabelle\/Wordpress\/wp-json\/wp\/v2\/posts\/285\/revisions"}],"predecessor-version":[{"id":294,"href":"https:\/\/mmi-tarbes.fr\/TP_STRAT-2025-2026\/GALLOUZE_Annabelle\/Wordpress\/wp-json\/wp\/v2\/posts\/285\/revisions\/294"}],"wp:featuredmedia":[{"embeddable":true,"href":"https:\/\/mmi-tarbes.fr\/TP_STRAT-2025-2026\/GALLOUZE_Annabelle\/Wordpress\/wp-json\/wp\/v2\/media\/286"}],"wp:attachment":[{"href":"https:\/\/mmi-tarbes.fr\/TP_STRAT-2025-2026\/GALLOUZE_Annabelle\/Wordpress\/wp-json\/wp\/v2\/media?parent=285"}],"wp:term":[{"taxonomy":"category","embeddable":true,"href":"https:\/\/mmi-tarbes.fr\/TP_STRAT-2025-2026\/GALLOUZE_Annabelle\/Wordpress\/wp-json\/wp\/v2\/categories?post=285"},{"taxonomy":"post_tag","embeddable":true,"href":"https:\/\/mmi-tarbes.fr\/TP_STRAT-2025-2026\/GALLOUZE_Annabelle\/Wordpress\/wp-json\/wp\/v2\/tags?post=285"}],"curies":[{"name":"wp","href":"https:\/\/api.w.org\/{rel}","templated":true}]}}