{"id":279,"date":"2026-04-12T19:30:27","date_gmt":"2026-04-12T17:30:27","guid":{"rendered":"https:\/\/mmi-tarbes.fr\/TP_STRAT-2025-2026\/GALLOUZE_Annabelle\/Wordpress\/?p=279"},"modified":"2026-04-12T19:40:30","modified_gmt":"2026-04-12T17:40:30","slug":"portrait-rse","status":"publish","type":"post","link":"https:\/\/mmi-tarbes.fr\/TP_STRAT-2025-2026\/GALLOUZE_Annabelle\/Wordpress\/2026\/04\/12\/portrait-rse\/","title":{"rendered":"Portrait RSE"},"content":{"rendered":"\t\t<div data-elementor-type=\"wp-post\" data-elementor-id=\"279\" class=\"elementor elementor-279\" data-elementor-post-type=\"post\">\n\t\t\t\t<div class=\"elementor-element elementor-element-29b12fa e-flex e-con-boxed wpr-particle-no wpr-jarallax-no wpr-parallax-no wpr-sticky-section-no wpr-equal-height-no e-con e-parent\" data-id=\"29b12fa\" data-element_type=\"container\">\n\t\t\t\t\t<div class=\"e-con-inner\">\n\t\t\t\t<div class=\"elementor-element elementor-element-7533d57 elementor-widget elementor-widget-text-editor\" data-id=\"7533d57\" data-element_type=\"widget\" data-widget_type=\"text-editor.default\">\n\t\t\t\t\t\t\t\t\t<p><span style=\"font-weight: 400;\">Dans le cadre de mon projet de fin d\u2019\u00e9tudes en BUT MMI, j\u2019ai particip\u00e9 \u00e0 la r\u00e9alisation d\u2019un \u00e9pisode de la s\u00e9rie \u00ab La RSE en Hautes-Pyr\u00e9n\u00e9es \u00bb, mettant en lumi\u00e8re une entreprise engag\u00e9e dans une d\u00e9marche responsable.<\/span><\/p><p><span style=\"font-weight: 400;\">Ce projet audiovisuel avait pour objectif de valoriser des initiatives locales en mati\u00e8re de RSE \u00e0 travers un format vid\u00e9o professionnel, destin\u00e9 \u00e0 une diffusion publique. L\u2019\u00e9pisode auquel j\u2019ai contribu\u00e9 portait sur une entreprise sp\u00e9cialis\u00e9e dans la construction de maisons bois, innovantes et \u00e9coresponsables.<\/span><\/p><p><span style=\"font-weight: 400;\">J\u2019ai \u00e9t\u00e9 impliqu\u00e9 dans l\u2019ensemble du processus de production : pr\u00e9paration du tournage, captation vid\u00e9o, gestion du cadrage, de la lumi\u00e8re et du son, ainsi que le travail de post-production pour garantir un rendu coh\u00e9rent et qualitatif.<\/span><\/p><p><span style=\"font-weight: 400;\">Le projet a abouti \u00e0 une projection sur grand \u00e9cran, dans un contexte r\u00e9el de diffusion, devant un public. Cette restitution s\u2019est accompagn\u00e9e d\u2019une performance sc\u00e9nique m\u00ealant mise en sc\u00e8ne et prise de parole, apportant une dimension immersive et originale \u00e0 la pr\u00e9sentation.<\/span><\/p><p><span style=\"font-weight: 400;\">Cette exp\u00e9rience m\u2019a permis de consolider mes comp\u00e9tences en production audiovisuelle, tout en participant \u00e0 un projet collectif ambitieux, ancr\u00e9 dans des enjeux actuels et valorisant des acteurs du territoire.<\/span><\/p>\t\t\t\t\t\t\t\t<\/div>\n\t\t\t\t<div class=\"elementor-element elementor-element-54bcc66 elementor-widget elementor-widget-image\" data-id=\"54bcc66\" data-element_type=\"widget\" data-widget_type=\"image.default\">\n\t\t\t\t\t\t\t\t\t\t\t\t\t\t\t\t<a href=\"https:\/\/www.linkedin.com\/feed\/update\/urn:li:activity:7433129786643816448\/?utm_source=share&#038;utm_medium=member_desktop&#038;rcm=ACoAAERIY1wB9EWaSZG5kihg6OJuHAuNawDouVA\">\n\t\t\t\t\t\t\t<img fetchpriority=\"high\" decoding=\"async\" width=\"800\" height=\"448\" src=\"https:\/\/mmi-tarbes.fr\/TP_STRAT-2025-2026\/GALLOUZE_Annabelle\/Wordpress\/wp-content\/uploads\/2026\/04\/Capture-decran-2026-04-12-192853-1024x573.png\" class=\"attachment-large size-large wp-image-281\" alt=\"\" srcset=\"https:\/\/mmi-tarbes.fr\/TP_STRAT-2025-2026\/GALLOUZE_Annabelle\/Wordpress\/wp-content\/uploads\/2026\/04\/Capture-decran-2026-04-12-192853-1024x573.png 1024w, https:\/\/mmi-tarbes.fr\/TP_STRAT-2025-2026\/GALLOUZE_Annabelle\/Wordpress\/wp-content\/uploads\/2026\/04\/Capture-decran-2026-04-12-192853-300x168.png 300w, https:\/\/mmi-tarbes.fr\/TP_STRAT-2025-2026\/GALLOUZE_Annabelle\/Wordpress\/wp-content\/uploads\/2026\/04\/Capture-decran-2026-04-12-192853-768x430.png 768w, https:\/\/mmi-tarbes.fr\/TP_STRAT-2025-2026\/GALLOUZE_Annabelle\/Wordpress\/wp-content\/uploads\/2026\/04\/Capture-decran-2026-04-12-192853.png 1045w\" sizes=\"(max-width: 800px) 100vw, 800px\" \/>\t\t\t\t\t\t\t\t<\/a>\n\t\t\t\t\t\t\t\t\t\t\t\t\t\t\t<\/div>\n\t\t\t\t<div class=\"elementor-element elementor-element-b115744 elementor-align-center elementor-widget elementor-widget-button\" data-id=\"b115744\" data-element_type=\"widget\" data-widget_type=\"button.default\">\n\t\t\t\t\t\t\t\t\t\t<a class=\"elementor-button elementor-button-link elementor-size-sm\" href=\"\" target=\"_blank\" id=\"video_rse\">\n\t\t\t\t\t\t<span class=\"elementor-button-content-wrapper\">\n\t\t\t\t\t\t\t\t\t<span class=\"elementor-button-text\">Voir la vid\u00e9o<\/span>\n\t\t\t\t\t<\/span>\n\t\t\t\t\t<\/a>\n\t\t\t\t\t\t\t\t<\/div>\n\t\t\t\t\t<\/div>\n\t\t\t\t<\/div>\n\t\t\t\t<\/div>\n\t\t","protected":false},"excerpt":{"rendered":"<p>Dans le cadre de mon projet de fin d\u2019\u00e9tudes en BUT MMI, j\u2019ai particip\u00e9 \u00e0 la r\u00e9alisation d\u2019un \u00e9pisode de la s\u00e9rie \u00ab La RSE en Hautes-Pyr\u00e9n\u00e9es \u00bb, mettant en lumi\u00e8re une entreprise engag\u00e9e dans une d\u00e9marche responsable. Ce projet audiovisuel avait pour objectif de valoriser des initiatives locales en mati\u00e8re de RSE \u00e0 travers un format vid\u00e9o professionnel, destin\u00e9 \u00e0 une diffusion publique. L\u2019\u00e9pisode auquel j\u2019ai contribu\u00e9 portait sur une entreprise sp\u00e9cialis\u00e9e dans la construction de maisons bois, innovantes et \u00e9coresponsables. J\u2019ai \u00e9t\u00e9 impliqu\u00e9 dans l\u2019ensemble du processus de production : pr\u00e9paration du tournage, captation vid\u00e9o, gestion du cadrage, de la lumi\u00e8re et du son, ainsi que le travail de post-production pour garantir un rendu coh\u00e9rent et qualitatif. Le projet a abouti \u00e0 une projection sur grand \u00e9cran, dans un contexte r\u00e9el de diffusion, devant un public. Cette restitution s\u2019est accompagn\u00e9e d\u2019une performance sc\u00e9nique m\u00ealant mise en sc\u00e8ne et prise de parole, apportant une dimension immersive et originale \u00e0 la pr\u00e9sentation. Cette exp\u00e9rience m\u2019a permis de consolider mes comp\u00e9tences en production audiovisuelle, tout en participant \u00e0 un projet collectif ambitieux, ancr\u00e9 dans des enjeux actuels et valorisant des acteurs du territoire. Voir la vid\u00e9o<\/p>\n","protected":false},"author":1,"featured_media":281,"comment_status":"open","ping_status":"open","sticky":false,"template":"","format":"standard","meta":{"footnotes":""},"categories":[6],"tags":[],"class_list":["post-279","post","type-post","status-publish","format-standard","has-post-thumbnail","hentry","category-projets"],"_links":{"self":[{"href":"https:\/\/mmi-tarbes.fr\/TP_STRAT-2025-2026\/GALLOUZE_Annabelle\/Wordpress\/wp-json\/wp\/v2\/posts\/279","targetHints":{"allow":["GET"]}}],"collection":[{"href":"https:\/\/mmi-tarbes.fr\/TP_STRAT-2025-2026\/GALLOUZE_Annabelle\/Wordpress\/wp-json\/wp\/v2\/posts"}],"about":[{"href":"https:\/\/mmi-tarbes.fr\/TP_STRAT-2025-2026\/GALLOUZE_Annabelle\/Wordpress\/wp-json\/wp\/v2\/types\/post"}],"author":[{"embeddable":true,"href":"https:\/\/mmi-tarbes.fr\/TP_STRAT-2025-2026\/GALLOUZE_Annabelle\/Wordpress\/wp-json\/wp\/v2\/users\/1"}],"replies":[{"embeddable":true,"href":"https:\/\/mmi-tarbes.fr\/TP_STRAT-2025-2026\/GALLOUZE_Annabelle\/Wordpress\/wp-json\/wp\/v2\/comments?post=279"}],"version-history":[{"count":3,"href":"https:\/\/mmi-tarbes.fr\/TP_STRAT-2025-2026\/GALLOUZE_Annabelle\/Wordpress\/wp-json\/wp\/v2\/posts\/279\/revisions"}],"predecessor-version":[{"id":284,"href":"https:\/\/mmi-tarbes.fr\/TP_STRAT-2025-2026\/GALLOUZE_Annabelle\/Wordpress\/wp-json\/wp\/v2\/posts\/279\/revisions\/284"}],"wp:featuredmedia":[{"embeddable":true,"href":"https:\/\/mmi-tarbes.fr\/TP_STRAT-2025-2026\/GALLOUZE_Annabelle\/Wordpress\/wp-json\/wp\/v2\/media\/281"}],"wp:attachment":[{"href":"https:\/\/mmi-tarbes.fr\/TP_STRAT-2025-2026\/GALLOUZE_Annabelle\/Wordpress\/wp-json\/wp\/v2\/media?parent=279"}],"wp:term":[{"taxonomy":"category","embeddable":true,"href":"https:\/\/mmi-tarbes.fr\/TP_STRAT-2025-2026\/GALLOUZE_Annabelle\/Wordpress\/wp-json\/wp\/v2\/categories?post=279"},{"taxonomy":"post_tag","embeddable":true,"href":"https:\/\/mmi-tarbes.fr\/TP_STRAT-2025-2026\/GALLOUZE_Annabelle\/Wordpress\/wp-json\/wp\/v2\/tags?post=279"}],"curies":[{"name":"wp","href":"https:\/\/api.w.org\/{rel}","templated":true}]}}