{"id":862,"date":"2026-01-19T14:15:40","date_gmt":"2026-01-19T13:15:40","guid":{"rendered":"https:\/\/mmi-tarbes.fr\/TP_STRAT-2025-2026\/ENZO-JEAN-MARIE\/Site\/?p=862"},"modified":"2026-01-20T15:41:12","modified_gmt":"2026-01-20T14:41:12","slug":"prefecture-securite-routiere","status":"publish","type":"post","link":"https:\/\/mmi-tarbes.fr\/TP_STRAT-2025-2026\/ENZO-JEAN-MARIE\/Site\/2026\/01\/19\/prefecture-securite-routiere\/","title":{"rendered":"Pr\u00e9fecture S\u00e9curit\u00e9 Routi\u00e8re"},"content":{"rendered":"\t\t<div data-elementor-type=\"wp-post\" data-elementor-id=\"862\" class=\"elementor elementor-862\" data-elementor-post-type=\"post\">\n\t\t\t\t<div class=\"elementor-element elementor-element-00c86ff e-flex e-con-boxed wpr-particle-no wpr-jarallax-no wpr-parallax-no wpr-sticky-section-no e-con e-parent\" data-id=\"00c86ff\" data-element_type=\"container\" data-e-type=\"container\" data-settings=\"{&quot;background_background&quot;:&quot;classic&quot;}\">\n\t\t\t\t\t<div class=\"e-con-inner\">\n\t\t\t\t<div class=\"elementor-element elementor-element-07864e5 elementor-headline--style-rotate elementor-widget elementor-widget-animated-headline\" data-id=\"07864e5\" data-element_type=\"widget\" data-e-type=\"widget\" data-settings=\"{&quot;headline_style&quot;:&quot;rotate&quot;,&quot;animation_type&quot;:&quot;blinds&quot;,&quot;rotating_text&quot;:&quot;PR\\u00e9fecture s\\u00e9curit\\u00e9 routi\\u00e8re&quot;,&quot;rotate_iteration_delay&quot;:2500}\" data-widget_type=\"animated-headline.default\">\n\t\t\t\t\t\t\t<h3 class=\"elementor-headline elementor-headline-animation-type-blinds elementor-headline-letters\">\n\t\t\t\t<span class=\"elementor-headline-dynamic-wrapper elementor-headline-text-wrapper\">\n\t\t\t\t\t<span class=\"elementor-headline-dynamic-text elementor-headline-text-active\">\n\t\t\t\tPR\u00e9fecture&nbsp;s\u00e9curit\u00e9&nbsp;routi\u00e8re\t\t\t<\/span>\n\t\t\t\t\t\t<\/span>\n\t\t\t\t<\/h3>\n\t\t\t\t\t\t<\/div>\n\t\t\t\t<div class=\"elementor-element elementor-element-03bd5e3 elementor-invisible elementor-widget elementor-widget-text-editor\" data-id=\"03bd5e3\" data-element_type=\"widget\" data-e-type=\"widget\" data-settings=\"{&quot;_animation&quot;:&quot;fadeIn&quot;,&quot;_animation_delay&quot;:900}\" data-widget_type=\"text-editor.default\">\n\t\t\t\t\t\t\t\t\t<h4 class=\"isSelectedEnd\">En 2025 dans le cadre de la formation MMI en Communication, nous avons travaill\u00e9 sur un projet r\u00e9el d\u2019organisation et de communication \u00e9v\u00e9nementielle pour la Journ\u00e9e de la S\u00e9curit\u00e9 Routi\u00e8re, organis\u00e9e par la Pr\u00e9fecture de Tarbes. Cet \u00e9v\u00e9nement avait pour objectif de sensibiliser le grand public, et notamment les jeunes, aux enjeux de la s\u00e9curit\u00e9 routi\u00e8re \u00e0 travers des animations, des interventions et un live diffus\u00e9 le jour de l\u2019\u00e9v\u00e9nement.<\/h4>\t\t\t\t\t\t\t\t<\/div>\n\t\t\t\t\t<\/div>\n\t\t\t\t<\/div>\n\t\t<div class=\"elementor-element elementor-element-168a44a e-grid e-con-boxed wpr-particle-no wpr-jarallax-no wpr-parallax-no wpr-sticky-section-no e-con e-parent\" data-id=\"168a44a\" data-element_type=\"container\" data-e-type=\"container\" data-settings=\"{&quot;background_background&quot;:&quot;classic&quot;}\">\n\t\t\t\t\t<div class=\"e-con-inner\">\n\t\t\t\t<div class=\"elementor-element elementor-element-912b0d3 elementor-widget elementor-widget-gallery\" data-id=\"912b0d3\" data-element_type=\"widget\" data-e-type=\"widget\" data-settings=\"{&quot;gallery_layout&quot;:&quot;justified&quot;,&quot;ideal_row_height&quot;:{&quot;unit&quot;:&quot;px&quot;,&quot;size&quot;:450,&quot;sizes&quot;:[]},&quot;lazyload&quot;:&quot;yes&quot;,&quot;ideal_row_height_tablet&quot;:{&quot;unit&quot;:&quot;px&quot;,&quot;size&quot;:150,&quot;sizes&quot;:[]},&quot;ideal_row_height_mobile&quot;:{&quot;unit&quot;:&quot;px&quot;,&quot;size&quot;:150,&quot;sizes&quot;:[]},&quot;gap&quot;:{&quot;unit&quot;:&quot;px&quot;,&quot;size&quot;:10,&quot;sizes&quot;:[]},&quot;gap_tablet&quot;:{&quot;unit&quot;:&quot;px&quot;,&quot;size&quot;:10,&quot;sizes&quot;:[]},&quot;gap_mobile&quot;:{&quot;unit&quot;:&quot;px&quot;,&quot;size&quot;:10,&quot;sizes&quot;:[]},&quot;link_to&quot;:&quot;file&quot;,&quot;overlay_background&quot;:&quot;yes&quot;,&quot;content_hover_animation&quot;:&quot;fade-in&quot;}\" data-widget_type=\"gallery.default\">\n\t\t\t\t\t\t\t<div class=\"elementor-gallery__container\">\n\t\t\t\t\t\t\t<a class=\"e-gallery-item elementor-gallery-item elementor-animated-content\" href=\"https:\/\/mmi-tarbes.fr\/TP_STRAT-2025-2026\/ENZO-JEAN-MARIE\/Site\/wp-content\/uploads\/2026\/01\/PLATEAUTVMMITARBES-2-scaled.jpg\" data-elementor-open-lightbox=\"yes\" data-elementor-lightbox-slideshow=\"912b0d3\" data-elementor-lightbox-title=\"PLATEAUTVMMITARBES\" data-e-action-hash=\"#elementor-action%3Aaction%3Dlightbox%26settings%3DeyJpZCI6ODcxLCJ1cmwiOiJodHRwczpcL1wvbW1pLXRhcmJlcy5mclwvVFBfU1RSQVQtMjAyNS0yMDI2XC9FTlpPLUpFQU4tTUFSSUVcL1NpdGVcL3dwLWNvbnRlbnRcL3VwbG9hZHNcLzIwMjZcLzAxXC9QTEFURUFVVFZNTUlUQVJCRVMtMi1zY2FsZWQuanBnIiwic2xpZGVzaG93IjoiOTEyYjBkMyJ9\">\n\t\t\t\t\t<div class=\"e-gallery-image elementor-gallery-item__image\" data-thumbnail=\"https:\/\/mmi-tarbes.fr\/TP_STRAT-2025-2026\/ENZO-JEAN-MARIE\/Site\/wp-content\/uploads\/2026\/01\/PLATEAUTVMMITARBES-2-scaled.jpg\" data-width=\"2560\" data-height=\"1707\" aria-label=\"\" role=\"img\" ><\/div>\n\t\t\t\t\t\t\t\t\t\t\t<div class=\"elementor-gallery-item__overlay\"><\/div>\n\t\t\t\t\t\t\t\t\t\t\t\t\t\t<\/a>\n\t\t\t\t\t<\/div>\n\t\t\t\t\t<\/div>\n\t\t\t\t<div class=\"elementor-element elementor-element-3bd440e elementor-widget elementor-widget-gallery\" data-id=\"3bd440e\" data-element_type=\"widget\" data-e-type=\"widget\" data-settings=\"{&quot;gallery_layout&quot;:&quot;justified&quot;,&quot;lazyload&quot;:&quot;yes&quot;,&quot;ideal_row_height&quot;:{&quot;unit&quot;:&quot;px&quot;,&quot;size&quot;:200,&quot;sizes&quot;:[]},&quot;ideal_row_height_tablet&quot;:{&quot;unit&quot;:&quot;px&quot;,&quot;size&quot;:150,&quot;sizes&quot;:[]},&quot;ideal_row_height_mobile&quot;:{&quot;unit&quot;:&quot;px&quot;,&quot;size&quot;:150,&quot;sizes&quot;:[]},&quot;gap&quot;:{&quot;unit&quot;:&quot;px&quot;,&quot;size&quot;:10,&quot;sizes&quot;:[]},&quot;gap_tablet&quot;:{&quot;unit&quot;:&quot;px&quot;,&quot;size&quot;:10,&quot;sizes&quot;:[]},&quot;gap_mobile&quot;:{&quot;unit&quot;:&quot;px&quot;,&quot;size&quot;:10,&quot;sizes&quot;:[]},&quot;link_to&quot;:&quot;file&quot;,&quot;overlay_background&quot;:&quot;yes&quot;,&quot;content_hover_animation&quot;:&quot;fade-in&quot;}\" data-widget_type=\"gallery.default\">\n\t\t\t\t\t\t\t<div class=\"elementor-gallery__container\">\n\t\t\t\t\t\t\t<a class=\"e-gallery-item elementor-gallery-item elementor-animated-content\" href=\"https:\/\/mmi-tarbes.fr\/TP_STRAT-2025-2026\/ENZO-JEAN-MARIE\/Site\/wp-content\/uploads\/2026\/01\/Flyer_projet_securite_routiere_vf-1_page-0001-scaled.jpg\" data-elementor-open-lightbox=\"yes\" data-elementor-lightbox-slideshow=\"3bd440e\" data-elementor-lightbox-title=\"Flyer_projet_securite_routiere_vf-1_page-0001\" data-e-action-hash=\"#elementor-action%3Aaction%3Dlightbox%26settings%3DeyJpZCI6ODkxLCJ1cmwiOiJodHRwczpcL1wvbW1pLXRhcmJlcy5mclwvVFBfU1RSQVQtMjAyNS0yMDI2XC9FTlpPLUpFQU4tTUFSSUVcL1NpdGVcL3dwLWNvbnRlbnRcL3VwbG9hZHNcLzIwMjZcLzAxXC9GbHllcl9wcm9qZXRfc2VjdXJpdGVfcm91dGllcmVfdmYtMV9wYWdlLTAwMDEtc2NhbGVkLmpwZyIsInNsaWRlc2hvdyI6IjNiZDQ0MGUifQ%3D%3D\">\n\t\t\t\t\t<div class=\"e-gallery-image elementor-gallery-item__image\" data-thumbnail=\"https:\/\/mmi-tarbes.fr\/TP_STRAT-2025-2026\/ENZO-JEAN-MARIE\/Site\/wp-content\/uploads\/2026\/01\/Flyer_projet_securite_routiere_vf-1_page-0001-scaled.jpg\" data-width=\"2560\" data-height=\"903\" aria-label=\"\" role=\"img\" ><\/div>\n\t\t\t\t\t\t\t\t\t\t\t<div class=\"elementor-gallery-item__overlay\"><\/div>\n\t\t\t\t\t\t\t\t\t\t\t\t\t\t<\/a>\n\t\t\t\t\t\t\t<a class=\"e-gallery-item elementor-gallery-item elementor-animated-content\" href=\"https:\/\/mmi-tarbes.fr\/TP_STRAT-2025-2026\/ENZO-JEAN-MARIE\/Site\/wp-content\/uploads\/2026\/01\/Flyer_projet_securite_routiere_vf-1_page-0002-scaled.jpg\" data-elementor-open-lightbox=\"yes\" data-elementor-lightbox-slideshow=\"3bd440e\" data-elementor-lightbox-title=\"Flyer_projet_securite_routiere_vf-1_page-0002\" data-e-action-hash=\"#elementor-action%3Aaction%3Dlightbox%26settings%3DeyJpZCI6ODkyLCJ1cmwiOiJodHRwczpcL1wvbW1pLXRhcmJlcy5mclwvVFBfU1RSQVQtMjAyNS0yMDI2XC9FTlpPLUpFQU4tTUFSSUVcL1NpdGVcL3dwLWNvbnRlbnRcL3VwbG9hZHNcLzIwMjZcLzAxXC9GbHllcl9wcm9qZXRfc2VjdXJpdGVfcm91dGllcmVfdmYtMV9wYWdlLTAwMDItc2NhbGVkLmpwZyIsInNsaWRlc2hvdyI6IjNiZDQ0MGUifQ%3D%3D\">\n\t\t\t\t\t<div class=\"e-gallery-image elementor-gallery-item__image\" data-thumbnail=\"https:\/\/mmi-tarbes.fr\/TP_STRAT-2025-2026\/ENZO-JEAN-MARIE\/Site\/wp-content\/uploads\/2026\/01\/Flyer_projet_securite_routiere_vf-1_page-0002-scaled.jpg\" data-width=\"2560\" data-height=\"903\" aria-label=\"\" role=\"img\" ><\/div>\n\t\t\t\t\t\t\t\t\t\t\t<div class=\"elementor-gallery-item__overlay\"><\/div>\n\t\t\t\t\t\t\t\t\t\t\t\t\t\t<\/a>\n\t\t\t\t\t<\/div>\n\t\t\t\t\t<\/div>\n\t\t\t\t\t<\/div>\n\t\t\t\t<\/div>\n\t\t<div class=\"elementor-element elementor-element-a30600d e-flex e-con-boxed wpr-particle-no wpr-jarallax-no wpr-parallax-no wpr-sticky-section-no e-con e-parent\" data-id=\"a30600d\" data-element_type=\"container\" data-e-type=\"container\" data-settings=\"{&quot;background_background&quot;:&quot;classic&quot;}\">\n\t\t\t\t\t<div class=\"e-con-inner\">\n\t\t\t\t<div class=\"elementor-element elementor-element-e66c900 elementor-headline--style-rotate elementor-widget elementor-widget-animated-headline\" data-id=\"e66c900\" data-element_type=\"widget\" data-e-type=\"widget\" data-settings=\"{&quot;headline_style&quot;:&quot;rotate&quot;,&quot;animation_type&quot;:&quot;blinds&quot;,&quot;rotating_text&quot;:&quot;Objectif &amp; r\\u00f4le de l&#039;\\u00e9venement&quot;,&quot;rotate_iteration_delay&quot;:2500}\" data-widget_type=\"animated-headline.default\">\n\t\t\t\t\t\t\t<h3 class=\"elementor-headline elementor-headline-animation-type-blinds elementor-headline-letters\">\n\t\t\t\t<span class=\"elementor-headline-dynamic-wrapper elementor-headline-text-wrapper\">\n\t\t\t\t\t<span class=\"elementor-headline-dynamic-text elementor-headline-text-active\">\n\t\t\t\tObjectif&nbsp;&&nbsp;r\u00f4le&nbsp;de&nbsp;l'\u00e9venement\t\t\t<\/span>\n\t\t\t\t\t\t<\/span>\n\t\t\t\t<\/h3>\n\t\t\t\t\t\t<\/div>\n\t\t\t\t<div class=\"elementor-element elementor-element-c2599d8 elementor-invisible elementor-widget elementor-widget-text-editor\" data-id=\"c2599d8\" data-element_type=\"widget\" data-e-type=\"widget\" data-settings=\"{&quot;_animation&quot;:&quot;fadeIn&quot;,&quot;_animation_delay&quot;:900}\" data-widget_type=\"text-editor.default\">\n\t\t\t\t\t\t\t\t\t<h4>Le but de cette \u00e9v\u00e9nement \u00e9tait de sensibiliser aux risques routiers sur les routes afin d&rsquo;\u00e9viter des accidents mortels et informer sur les bonnes pratiques de s\u00e9curit\u00e9 afin de toucher un public large via un \u00e9v\u00e9nement physique et un live dynamique avec plusieurs intervenants qui ont particip\u00e9. Proposer une communication claire, dynamique et accessible<\/h4><h4>J&rsquo;\u00e9tais charg\u00e9 de la partie cr\u00e9atif avec une identit\u00e9 visuelle et supports de communication avec plusieurs responsabilit\u00e9s. En premier lieu, j&rsquo;ai particip\u00e9 \u00e0 la charte graphique de l\u2019\u00e9v\u00e9nement et \u00e0 la conception d&rsquo;un flyer, et principalement \u00e0 la r\u00e9alisation d\u2019assets en motion design pour le d\u00e9roulement du live<\/h4>\t\t\t\t\t\t\t\t<\/div>\n\t\t\t\t\t<\/div>\n\t\t\t\t<\/div>\n\t\t<div class=\"elementor-element elementor-element-9e77759 e-flex e-con-boxed wpr-particle-no wpr-jarallax-no wpr-parallax-no wpr-sticky-section-no e-con e-parent\" data-id=\"9e77759\" data-element_type=\"container\" data-e-type=\"container\" data-settings=\"{&quot;background_background&quot;:&quot;classic&quot;}\">\n\t\t\t\t\t<div class=\"e-con-inner\">\n\t\t<div class=\"elementor-element elementor-element-0e6b78c e-grid e-con-boxed wpr-particle-no wpr-jarallax-no wpr-parallax-no wpr-sticky-section-no e-con e-child\" data-id=\"0e6b78c\" data-element_type=\"container\" data-e-type=\"container\">\n\t\t\t\t\t<div class=\"e-con-inner\">\n\t\t\t\t<div class=\"elementor-element elementor-element-13f4d6c elementor-invisible elementor-widget elementor-widget-video\" data-id=\"13f4d6c\" data-element_type=\"widget\" data-e-type=\"widget\" data-settings=\"{&quot;video_type&quot;:&quot;hosted&quot;,&quot;_animation&quot;:&quot;fadeInLeft&quot;,&quot;controls&quot;:&quot;yes&quot;}\" data-widget_type=\"video.default\">\n\t\t\t\t\t\t\t<div class=\"e-hosted-video elementor-wrapper elementor-open-inline\">\n\t\t\t\t\t<video class=\"elementor-video\" src=\"https:\/\/mmi-tarbes.fr\/TP_STRAT-2025-2026\/ENZO-JEAN-MARIE\/Site\/wp-content\/uploads\/2026\/01\/Generique-debut-son-1.mp4\" controls=\"\" preload=\"metadata\" controlsList=\"nodownload\"><\/video>\n\t\t\t\t<\/div>\n\t\t\t\t\t\t<\/div>\n\t\t\t\t<div class=\"elementor-element elementor-element-e3734c5 elementor-invisible elementor-widget elementor-widget-video\" data-id=\"e3734c5\" data-element_type=\"widget\" data-e-type=\"widget\" data-settings=\"{&quot;video_type&quot;:&quot;hosted&quot;,&quot;_animation&quot;:&quot;fadeInRight&quot;,&quot;controls&quot;:&quot;yes&quot;}\" data-widget_type=\"video.default\">\n\t\t\t\t\t\t\t<div class=\"e-hosted-video elementor-wrapper elementor-open-inline\">\n\t\t\t\t\t<video class=\"elementor-video\" src=\"https:\/\/mmi-tarbes.fr\/TP_STRAT-2025-2026\/ENZO-JEAN-MARIE\/Site\/wp-content\/uploads\/2026\/01\/Generique-Fin-son.mp4\" controls=\"\" preload=\"metadata\" controlsList=\"nodownload\"><\/video>\n\t\t\t\t<\/div>\n\t\t\t\t\t\t<\/div>\n\t\t\t\t\t<\/div>\n\t\t\t\t<\/div>\n\t\t\t\t\t<\/div>\n\t\t\t\t<\/div>\n\t\t<div class=\"elementor-element elementor-element-565511c e-flex e-con-boxed wpr-particle-no wpr-jarallax-no wpr-parallax-no wpr-sticky-section-no e-con e-parent\" data-id=\"565511c\" data-element_type=\"container\" data-e-type=\"container\" data-settings=\"{&quot;background_background&quot;:&quot;classic&quot;}\">\n\t\t\t\t\t<div class=\"e-con-inner\">\n\t\t\t\t<div class=\"elementor-element elementor-element-4d2522f elementor-invisible elementor-widget elementor-widget-video\" data-id=\"4d2522f\" data-element_type=\"widget\" data-e-type=\"widget\" data-settings=\"{&quot;youtube_url&quot;:&quot;https:\\\/\\\/www.youtube.com\\\/watch?v=udG2j9tVsRA&quot;,&quot;_animation&quot;:&quot;zoomIn&quot;,&quot;video_type&quot;:&quot;youtube&quot;,&quot;controls&quot;:&quot;yes&quot;}\" data-widget_type=\"video.default\">\n\t\t\t\t\t\t\t<div class=\"elementor-wrapper elementor-open-inline\">\n\t\t\t<div class=\"elementor-video\"><\/div>\t\t<\/div>\n\t\t\t\t\t\t<\/div>\n\t\t\t\t\t<\/div>\n\t\t\t\t<\/div>\n\t\t<div class=\"elementor-element elementor-element-d622af1 e-flex e-con-boxed wpr-particle-no wpr-jarallax-no wpr-parallax-no wpr-sticky-section-no e-con e-parent\" data-id=\"d622af1\" data-element_type=\"container\" data-e-type=\"container\" data-settings=\"{&quot;background_background&quot;:&quot;classic&quot;}\">\n\t\t\t\t\t<div class=\"e-con-inner\">\n\t\t\t\t<div class=\"elementor-element elementor-element-d083628 elementor-headline--style-rotate elementor-widget elementor-widget-animated-headline\" data-id=\"d083628\" data-element_type=\"widget\" data-e-type=\"widget\" data-settings=\"{&quot;headline_style&quot;:&quot;rotate&quot;,&quot;animation_type&quot;:&quot;blinds&quot;,&quot;rotating_text&quot;:&quot;Mon point de vue &amp; mon ressenti&quot;,&quot;rotate_iteration_delay&quot;:2500}\" data-widget_type=\"animated-headline.default\">\n\t\t\t\t\t\t\t<h3 class=\"elementor-headline elementor-headline-animation-type-blinds elementor-headline-letters\">\n\t\t\t\t<span class=\"elementor-headline-dynamic-wrapper elementor-headline-text-wrapper\">\n\t\t\t\t\t<span class=\"elementor-headline-dynamic-text elementor-headline-text-active\">\n\t\t\t\tMon&nbsp;point&nbsp;de&nbsp;vue&nbsp;&&nbsp;mon&nbsp;ressenti\t\t\t<\/span>\n\t\t\t\t\t\t<\/span>\n\t\t\t\t<\/h3>\n\t\t\t\t\t\t<\/div>\n\t\t\t\t<div class=\"elementor-element elementor-element-866c68b elementor-invisible elementor-widget elementor-widget-text-editor\" data-id=\"866c68b\" data-element_type=\"widget\" data-e-type=\"widget\" data-settings=\"{&quot;_animation&quot;:&quot;fadeIn&quot;,&quot;_animation_delay&quot;:900}\" data-widget_type=\"text-editor.default\">\n\t\t\t\t\t\t\t\t\t<h4 class=\"isSelectedEnd\">Ce projet a repr\u00e9sent\u00e9 une v\u00e9ritable \u00e9preuve personnelle pour moi.<br \/>Les conditions de travail ont \u00e9t\u00e9 rendues complexes par des retours tr\u00e8s tardifs, ce qui m\u2019a souvent oblig\u00e9 \u00e0 avancer seul, sans validations claires, tout en respectant les contraintes du projet.<\/h4><h4 class=\"isSelectedEnd\">Cette situation a g\u00e9n\u00e9r\u00e9 beaucoup de stress, notamment dans la partie cr\u00e9ative, o\u00f9 les d\u00e9lais et les attentes \u00e9taient \u00e9lev\u00e9s. J\u2019ai d\u00fb faire preuve d\u2019autonomie, prendre des d\u00e9cisions par moi-m\u00eame et ajuster mon travail sans accompagnement imm\u00e9diat.<\/h4><h4>Malgr\u00e9 ces difficult\u00e9s, j\u2019ai r\u00e9ussi \u00e0 aller au bout des productions demand\u00e9es, en livrant des assets en motion design fonctionnels et coh\u00e9rents avec la charte graphique. Ce projet m\u2019a permis de sortir de ma zone de confort et de renforcer ma capacit\u00e9 \u00e0 g\u00e9rer la pression, \u00e0 travailler de mani\u00e8re ind\u00e9pendante et \u00e0 m\u2019adapter \u00e0 des conditions professionnelles parfois imparfaites.<\/h4>\t\t\t\t\t\t\t\t<\/div>\n\t\t\t\t\t<\/div>\n\t\t\t\t<\/div>\n\t\t<div class=\"elementor-element elementor-element-e91964b e-grid e-con-boxed wpr-particle-no wpr-jarallax-no wpr-parallax-no wpr-sticky-section-no e-con e-parent\" data-id=\"e91964b\" data-element_type=\"container\" data-e-type=\"container\" data-settings=\"{&quot;background_background&quot;:&quot;classic&quot;,&quot;animation&quot;:&quot;none&quot;}\">\n\t\t\t\t\t<div class=\"e-con-inner\">\n\t\t<div class=\"elementor-element elementor-element-10c44dc e-con-full e-flex wpr-particle-no wpr-jarallax-no wpr-parallax-no wpr-sticky-section-no elementor-invisible e-con e-child\" data-id=\"10c44dc\" data-element_type=\"container\" data-e-type=\"container\" data-settings=\"{&quot;animation&quot;:&quot;fadeInUp&quot;,&quot;background_background&quot;:&quot;classic&quot;}\">\n\t\t\t\t<div class=\"elementor-element elementor-element-cb71dc9 elementor-widget elementor-widget-image\" data-id=\"cb71dc9\" data-element_type=\"widget\" data-e-type=\"widget\" data-widget_type=\"image.default\">\n\t\t\t\t\t\t\t\t\t\t\t\t\t\t\t<img decoding=\"async\" src=\"https:\/\/mmi-tarbes.fr\/TP_STRAT-2025-2026\/ENZO-JEAN-MARIE\/Site\/wp-content\/uploads\/2025\/12\/icons8-adobe-premiere-pro-200.png\" title=\"icons8-adobe-premiere-pro-200\" alt=\"icons8-adobe-premiere-pro-200\" loading=\"lazy\" \/>\t\t\t\t\t\t\t\t\t\t\t\t\t\t\t<\/div>\n\t\t\t\t<div class=\"elementor-element elementor-element-c691640 elementor-widget elementor-widget-heading\" data-id=\"c691640\" data-element_type=\"widget\" data-e-type=\"widget\" data-widget_type=\"heading.default\">\n\t\t\t\t\t<h2 class=\"elementor-heading-title elementor-size-default\">PREMIERE PRO<\/h2>\t\t\t\t<\/div>\n\t\t\t\t<div class=\"elementor-element elementor-element-28be32a elementor-widget elementor-widget-text-editor\" data-id=\"28be32a\" data-element_type=\"widget\" data-e-type=\"widget\" data-widget_type=\"text-editor.default\">\n\t\t\t\t\t\t\t\t\t<h4>Montage &#8211; assemblage des parties &#8211; Sound Design<\/h4>\t\t\t\t\t\t\t\t<\/div>\n\t\t\t\t<\/div>\n\t\t<div class=\"elementor-element elementor-element-6e29f34 e-con-full e-flex wpr-particle-no wpr-jarallax-no wpr-parallax-no wpr-sticky-section-no elementor-invisible e-con e-child\" data-id=\"6e29f34\" data-element_type=\"container\" data-e-type=\"container\" data-settings=\"{&quot;animation&quot;:&quot;fadeInUp&quot;}\">\n\t\t\t\t<div class=\"elementor-element elementor-element-10ece77 elementor-widget elementor-widget-image\" data-id=\"10ece77\" data-element_type=\"widget\" data-e-type=\"widget\" data-widget_type=\"image.default\">\n\t\t\t\t\t\t\t\t\t\t\t\t\t\t\t<img decoding=\"async\" src=\"https:\/\/mmi-tarbes.fr\/TP_STRAT-2025-2026\/ENZO-JEAN-MARIE\/Site\/wp-content\/uploads\/2025\/12\/adobe-illustrator.png\" title=\"adobe-illustrator\" alt=\"adobe-illustrator\" loading=\"lazy\" \/>\t\t\t\t\t\t\t\t\t\t\t\t\t\t\t<\/div>\n\t\t\t\t<div class=\"elementor-element elementor-element-fc39154 elementor-widget elementor-widget-heading\" data-id=\"fc39154\" data-element_type=\"widget\" data-e-type=\"widget\" data-widget_type=\"heading.default\">\n\t\t\t\t\t<h2 class=\"elementor-heading-title elementor-size-default\">ILLUSTRATOR<\/h2>\t\t\t\t<\/div>\n\t\t\t\t<div class=\"elementor-element elementor-element-44cf961 elementor-widget elementor-widget-text-editor\" data-id=\"44cf961\" data-element_type=\"widget\" data-e-type=\"widget\" data-widget_type=\"text-editor.default\">\n\t\t\t\t\t\t\t\t\t<h4>Illustration des Assets &amp; Visuels<\/h4>\t\t\t\t\t\t\t\t<\/div>\n\t\t\t\t<\/div>\n\t\t<div class=\"elementor-element elementor-element-1e4bf2c e-flex e-con-boxed wpr-particle-no wpr-jarallax-no wpr-parallax-no wpr-sticky-section-no elementor-invisible e-con e-child\" data-id=\"1e4bf2c\" data-element_type=\"container\" data-e-type=\"container\" data-settings=\"{&quot;animation&quot;:&quot;fadeInUp&quot;}\">\n\t\t\t\t\t<div class=\"e-con-inner\">\n\t\t\t\t<div class=\"elementor-element elementor-element-d0f1afa elementor-widget elementor-widget-image\" data-id=\"d0f1afa\" data-element_type=\"widget\" data-e-type=\"widget\" data-widget_type=\"image.default\">\n\t\t\t\t\t\t\t\t\t\t\t\t\t\t\t<img decoding=\"async\" src=\"https:\/\/mmi-tarbes.fr\/TP_STRAT-2025-2026\/ENZO-JEAN-MARIE\/Site\/wp-content\/uploads\/2025\/12\/adobe-after-effects.png\" title=\"adobe-after-effects\" alt=\"adobe-after-effects\" loading=\"lazy\" \/>\t\t\t\t\t\t\t\t\t\t\t\t\t\t\t<\/div>\n\t\t\t\t<div class=\"elementor-element elementor-element-2d94ffe elementor-widget elementor-widget-heading\" data-id=\"2d94ffe\" data-element_type=\"widget\" data-e-type=\"widget\" data-widget_type=\"heading.default\">\n\t\t\t\t\t<h2 class=\"elementor-heading-title elementor-size-default\">After Effect<\/h2>\t\t\t\t<\/div>\n\t\t\t\t<div class=\"elementor-element elementor-element-b05f702 elementor-widget elementor-widget-text-editor\" data-id=\"b05f702\" data-element_type=\"widget\" data-e-type=\"widget\" data-widget_type=\"text-editor.default\">\n\t\t\t\t\t\t\t\t\t<h4>Motion design<\/h4>\t\t\t\t\t\t\t\t<\/div>\n\t\t\t\t\t<\/div>\n\t\t\t\t<\/div>\n\t\t\t\t\t<\/div>\n\t\t\t\t<\/div>\n\t\t\t\t<\/div>\n\t\t\n    <div class=\"xs_social_share_widget xs_share_url after_content \t\tmain_content  wslu-style-1 wslu-share-box-shaped wslu-fill-colored wslu-none wslu-share-horizontal wslu-theme-font-no wslu-main_content\">\n\n\t\t\n        <ul>\n\t\t\t        <\/ul>\n    <\/div> \n","protected":false},"excerpt":{"rendered":"<p>PR\u00e9fecture&nbsp;s\u00e9curit\u00e9&nbsp;routi\u00e8re En 2025 dans le cadre de la formation MMI en Communication, nous avons travaill\u00e9 sur un projet r\u00e9el d\u2019organisation et de communication \u00e9v\u00e9nementielle pour la Journ\u00e9e de la S\u00e9curit\u00e9 Routi\u00e8re, organis\u00e9e par la Pr\u00e9fecture de Tarbes. Cet \u00e9v\u00e9nement avait pour objectif de sensibiliser le grand public, et notamment les jeunes, aux enjeux de la s\u00e9curit\u00e9 routi\u00e8re \u00e0 travers des animations, des interventions et un live diffus\u00e9 le jour de l\u2019\u00e9v\u00e9nement. Objectif&nbsp;&#038;&nbsp;r\u00f4le&nbsp;de&nbsp;l&rsquo;\u00e9venement Le but de cette \u00e9v\u00e9nement \u00e9tait de sensibiliser aux risques routiers sur les routes afin d&rsquo;\u00e9viter des accidents mortels et informer sur les bonnes pratiques de s\u00e9curit\u00e9 afin de toucher un public large via un \u00e9v\u00e9nement physique et un live dynamique avec plusieurs intervenants qui ont particip\u00e9. Proposer une communication claire, dynamique et accessible J&rsquo;\u00e9tais charg\u00e9 de la partie cr\u00e9atif avec une identit\u00e9 visuelle et supports de communication avec plusieurs responsabilit\u00e9s. En premier lieu, j&rsquo;ai particip\u00e9 \u00e0 la charte graphique de l\u2019\u00e9v\u00e9nement et \u00e0 la conception d&rsquo;un flyer, et principalement \u00e0 la r\u00e9alisation d\u2019assets en motion design pour le d\u00e9roulement du live https:\/\/mmi-tarbes.fr\/TP_STRAT-2025-2026\/ENZO-JEAN-MARIE\/Site\/wp-content\/uploads\/2026\/01\/Generique-debut-son-1.mp4https:\/\/mmi-tarbes.fr\/TP_STRAT-2025-2026\/ENZO-JEAN-MARIE\/Site\/wp-content\/uploads\/2026\/01\/Generique-Fin-son.mp4https:\/\/www.youtube.com\/watch?v=udG2j9tVsRA Mon&nbsp;point&nbsp;de&nbsp;vue&nbsp;&#038;&nbsp;mon&nbsp;ressenti Ce projet a repr\u00e9sent\u00e9 une v\u00e9ritable \u00e9preuve personnelle pour moi.Les conditions de travail ont \u00e9t\u00e9 rendues complexes par des retours tr\u00e8s tardifs, ce qui m\u2019a souvent oblig\u00e9 \u00e0 avancer seul, sans validations claires, tout en respectant les contraintes du projet. Cette situation a g\u00e9n\u00e9r\u00e9 beaucoup de stress, notamment dans la partie cr\u00e9ative, o\u00f9 les d\u00e9lais et les attentes \u00e9taient \u00e9lev\u00e9s. J\u2019ai d\u00fb faire preuve d\u2019autonomie, prendre des d\u00e9cisions par moi-m\u00eame et ajuster mon travail sans accompagnement imm\u00e9diat. Malgr\u00e9 ces difficult\u00e9s, j\u2019ai r\u00e9ussi \u00e0 aller au bout des productions demand\u00e9es, en livrant des assets en motion design fonctionnels et coh\u00e9rents avec la charte graphique. Ce projet m\u2019a permis de sortir de ma zone de confort et de renforcer ma capacit\u00e9 \u00e0 g\u00e9rer la pression, \u00e0 travailler de mani\u00e8re ind\u00e9pendante et \u00e0 m\u2019adapter \u00e0 des conditions professionnelles parfois imparfaites. PREMIERE PRO Montage &#8211; assemblage des parties &#8211; Sound Design ILLUSTRATOR Illustration des Assets &amp; Visuels After Effect Motion design<\/p>\n","protected":false},"author":1,"featured_media":871,"comment_status":"closed","ping_status":"closed","sticky":false,"template":"elementor_theme","format":"standard","meta":{"postBodyCss":"","postBodyMargin":[],"postBodyPadding":[],"postBodyBackground":{"backgroundType":"classic","gradient":""},"footnotes":""},"categories":[1],"tags":[],"class_list":["post-862","post","type-post","status-publish","format-standard","has-post-thumbnail","hentry","category-non-classe"],"_links":{"self":[{"href":"https:\/\/mmi-tarbes.fr\/TP_STRAT-2025-2026\/ENZO-JEAN-MARIE\/Site\/wp-json\/wp\/v2\/posts\/862","targetHints":{"allow":["GET"]}}],"collection":[{"href":"https:\/\/mmi-tarbes.fr\/TP_STRAT-2025-2026\/ENZO-JEAN-MARIE\/Site\/wp-json\/wp\/v2\/posts"}],"about":[{"href":"https:\/\/mmi-tarbes.fr\/TP_STRAT-2025-2026\/ENZO-JEAN-MARIE\/Site\/wp-json\/wp\/v2\/types\/post"}],"author":[{"embeddable":true,"href":"https:\/\/mmi-tarbes.fr\/TP_STRAT-2025-2026\/ENZO-JEAN-MARIE\/Site\/wp-json\/wp\/v2\/users\/1"}],"replies":[{"embeddable":true,"href":"https:\/\/mmi-tarbes.fr\/TP_STRAT-2025-2026\/ENZO-JEAN-MARIE\/Site\/wp-json\/wp\/v2\/comments?post=862"}],"version-history":[{"count":49,"href":"https:\/\/mmi-tarbes.fr\/TP_STRAT-2025-2026\/ENZO-JEAN-MARIE\/Site\/wp-json\/wp\/v2\/posts\/862\/revisions"}],"predecessor-version":[{"id":958,"href":"https:\/\/mmi-tarbes.fr\/TP_STRAT-2025-2026\/ENZO-JEAN-MARIE\/Site\/wp-json\/wp\/v2\/posts\/862\/revisions\/958"}],"wp:featuredmedia":[{"embeddable":true,"href":"https:\/\/mmi-tarbes.fr\/TP_STRAT-2025-2026\/ENZO-JEAN-MARIE\/Site\/wp-json\/wp\/v2\/media\/871"}],"wp:attachment":[{"href":"https:\/\/mmi-tarbes.fr\/TP_STRAT-2025-2026\/ENZO-JEAN-MARIE\/Site\/wp-json\/wp\/v2\/media?parent=862"}],"wp:term":[{"taxonomy":"category","embeddable":true,"href":"https:\/\/mmi-tarbes.fr\/TP_STRAT-2025-2026\/ENZO-JEAN-MARIE\/Site\/wp-json\/wp\/v2\/categories?post=862"},{"taxonomy":"post_tag","embeddable":true,"href":"https:\/\/mmi-tarbes.fr\/TP_STRAT-2025-2026\/ENZO-JEAN-MARIE\/Site\/wp-json\/wp\/v2\/tags?post=862"}],"curies":[{"name":"wp","href":"https:\/\/api.w.org\/{rel}","templated":true}]}}