{"id":721,"date":"2024-04-13T11:33:55","date_gmt":"2024-04-13T09:33:55","guid":{"rendered":"https:\/\/mmi-tarbes.fr\/KellyPortfolio\/?p=721"},"modified":"2025-06-13T13:55:47","modified_gmt":"2025-06-13T11:55:47","slug":"photos-cd65","status":"publish","type":"post","link":"https:\/\/mmi-tarbes.fr\/KellyPortfolio\/2024\/04\/13\/photos-cd65\/","title":{"rendered":"Photos D\u00e9partement des Hautes-Pyr\u00e9n\u00e9es"},"content":{"rendered":"\t\t<div data-elementor-type=\"wp-post\" data-elementor-id=\"721\" class=\"elementor elementor-721\" data-elementor-post-type=\"post\">\n\t\t\t\t<div class=\"elementor-element elementor-element-62c6f4b e-flex e-con-boxed wpr-particle-no wpr-jarallax-no wpr-parallax-no wpr-sticky-section-no e-con e-parent\" data-id=\"62c6f4b\" data-element_type=\"container\" data-e-type=\"container\">\n\t\t\t\t\t<div class=\"e-con-inner\">\n\t\t\t\t<div class=\"elementor-element elementor-element-60639d9 elementor-widget elementor-widget-heading\" data-id=\"60639d9\" data-element_type=\"widget\" data-e-type=\"widget\" data-widget_type=\"heading.default\">\n\t\t\t\t<div class=\"elementor-widget-container\">\n\t\t\t\t\t<h1 class=\"elementor-heading-title elementor-size-default\">Les photos de la collectivit\u00e9<\/h1>\t\t\t\t<\/div>\n\t\t\t\t<\/div>\n\t\t\t\t\t<\/div>\n\t\t\t\t<\/div>\n\t\t<div class=\"elementor-element elementor-element-eff3402 e-flex e-con-boxed wpr-particle-no wpr-jarallax-no wpr-parallax-no wpr-sticky-section-no e-con e-parent\" data-id=\"eff3402\" data-element_type=\"container\" data-e-type=\"container\">\n\t\t\t\t\t<div class=\"e-con-inner\">\n\t\t\t\t<div class=\"elementor-element elementor-element-7bf8be9 elementor-widget elementor-widget-text-editor\" data-id=\"7bf8be9\" data-element_type=\"widget\" data-e-type=\"widget\" data-widget_type=\"text-editor.default\">\n\t\t\t\t<div class=\"elementor-widget-container\">\n\t\t\t\t\t\t\t\t\t<p>Lors de mon stage et de mon alternance au D\u00e9partement des Hautes-Pyr\u00e9n\u00e9es, j&rsquo;ai appris les bases de la photographie et j&rsquo;ai pu me d\u00e9placer lors de plusieurs \u00e9v\u00e9nements.<\/p><p>Comp\u00e9tences acquises : cadrage, retouche photos (Lightroom)<br \/>Appareil photo : Canon 40D, Sony <span class=\"LrzXr kno-fv wHYlTd z8gr9e\">\u03b1<\/span>7\u00a0IV, Sony <span class=\"LrzXr kno-fv wHYlTd z8gr9e\">\u03b1<\/span>7 CII<\/p>\t\t\t\t\t\t\t\t<\/div>\n\t\t\t\t<\/div>\n\t\t\t\t\t<\/div>\n\t\t\t\t<\/div>\n\t\t<div class=\"elementor-element elementor-element-68c9ffd e-flex e-con-boxed wpr-particle-no wpr-jarallax-no wpr-parallax-no wpr-sticky-section-no e-con e-parent\" data-id=\"68c9ffd\" data-element_type=\"container\" data-e-type=\"container\">\n\t\t\t\t\t<div class=\"e-con-inner\">\n\t\t\t\t<div class=\"elementor-element elementor-element-108a712 elementor-widget elementor-widget-gallery\" data-id=\"108a712\" data-element_type=\"widget\" data-e-type=\"widget\" data-settings=\"{&quot;gallery_layout&quot;:&quot;masonry&quot;,&quot;lazyload&quot;:&quot;yes&quot;,&quot;columns&quot;:4,&quot;columns_tablet&quot;:2,&quot;columns_mobile&quot;:1,&quot;gap&quot;:{&quot;unit&quot;:&quot;px&quot;,&quot;size&quot;:10,&quot;sizes&quot;:[]},&quot;gap_tablet&quot;:{&quot;unit&quot;:&quot;px&quot;,&quot;size&quot;:10,&quot;sizes&quot;:[]},&quot;gap_mobile&quot;:{&quot;unit&quot;:&quot;px&quot;,&quot;size&quot;:10,&quot;sizes&quot;:[]},&quot;link_to&quot;:&quot;file&quot;,&quot;overlay_background&quot;:&quot;yes&quot;,&quot;content_hover_animation&quot;:&quot;fade-in&quot;}\" data-widget_type=\"gallery.default\">\n\t\t\t\t<div class=\"elementor-widget-container\">\n\t\t\t\t\t\t\t<div class=\"elementor-gallery__container\">\n\t\t\t\t\t\t\t<a class=\"e-gallery-item elementor-gallery-item elementor-animated-content\" href=\"https:\/\/mmi-tarbes.fr\/KellyPortfolio\/wp-content\/uploads\/2025\/06\/CD65_11444_HD-scaled.jpg\" data-elementor-open-lightbox=\"yes\" data-elementor-lightbox-slideshow=\"108a712\" data-elementor-lightbox-title=\"Assemblee du 28 mars : compte administratif 2024 et budget primitif 2025.\" data-e-action-hash=\"#elementor-action%3Aaction%3Dlightbox%26settings%3DeyJpZCI6MTE5MSwidXJsIjoiaHR0cHM6XC9cL21taS10YXJiZXMuZnJcL0tlbGx5UG9ydGZvbGlvXC93cC1jb250ZW50XC91cGxvYWRzXC8yMDI1XC8wNlwvQ0Q2NV8xMTQ0NF9IRC1zY2FsZWQuanBnIiwic2xpZGVzaG93IjoiMTA4YTcxMiJ9\">\n\t\t\t\t\t<div class=\"e-gallery-image elementor-gallery-item__image\" data-thumbnail=\"https:\/\/mmi-tarbes.fr\/KellyPortfolio\/wp-content\/uploads\/2025\/06\/CD65_11444_HD-300x200.jpg\" data-width=\"300\" data-height=\"200\" aria-label=\"\" role=\"img\" ><\/div>\n\t\t\t\t\t\t\t\t\t\t\t<div class=\"elementor-gallery-item__overlay\"><\/div>\n\t\t\t\t\t\t\t\t\t\t\t\t\t\t<\/a>\n\t\t\t\t\t\t\t<a class=\"e-gallery-item elementor-gallery-item elementor-animated-content\" href=\"https:\/\/mmi-tarbes.fr\/KellyPortfolio\/wp-content\/uploads\/2025\/06\/CD65_11972_HD-scaled.jpg\" data-elementor-open-lightbox=\"yes\" data-elementor-lightbox-slideshow=\"108a712\" data-elementor-lightbox-title=\"Abbaye de l&#039;Escaladieu - Salle capitulaire\" data-e-action-hash=\"#elementor-action%3Aaction%3Dlightbox%26settings%3DeyJpZCI6MTIyOCwidXJsIjoiaHR0cHM6XC9cL21taS10YXJiZXMuZnJcL0tlbGx5UG9ydGZvbGlvXC93cC1jb250ZW50XC91cGxvYWRzXC8yMDI1XC8wNlwvQ0Q2NV8xMTk3Ml9IRC1zY2FsZWQuanBnIiwic2xpZGVzaG93IjoiMTA4YTcxMiJ9\">\n\t\t\t\t\t<div class=\"e-gallery-image elementor-gallery-item__image\" data-thumbnail=\"https:\/\/mmi-tarbes.fr\/KellyPortfolio\/wp-content\/uploads\/2025\/06\/CD65_11972_HD-300x200.jpg\" data-width=\"300\" data-height=\"200\" aria-label=\"\" role=\"img\" ><\/div>\n\t\t\t\t\t\t\t\t\t\t\t<div class=\"elementor-gallery-item__overlay\"><\/div>\n\t\t\t\t\t\t\t\t\t\t\t\t\t\t<\/a>\n\t\t\t\t\t\t\t<a class=\"e-gallery-item elementor-gallery-item elementor-animated-content\" href=\"https:\/\/mmi-tarbes.fr\/KellyPortfolio\/wp-content\/uploads\/2025\/06\/CD65_11812_HD-scaled.jpg\" data-elementor-open-lightbox=\"yes\" data-elementor-lightbox-slideshow=\"108a712\" data-elementor-lightbox-title=\"Abbaye de l&#039;Escaladieu\" data-e-action-hash=\"#elementor-action%3Aaction%3Dlightbox%26settings%3DeyJpZCI6MTIwMiwidXJsIjoiaHR0cHM6XC9cL21taS10YXJiZXMuZnJcL0tlbGx5UG9ydGZvbGlvXC93cC1jb250ZW50XC91cGxvYWRzXC8yMDI1XC8wNlwvQ0Q2NV8xMTgxMl9IRC1zY2FsZWQuanBnIiwic2xpZGVzaG93IjoiMTA4YTcxMiJ9\">\n\t\t\t\t\t<div class=\"e-gallery-image elementor-gallery-item__image\" data-thumbnail=\"https:\/\/mmi-tarbes.fr\/KellyPortfolio\/wp-content\/uploads\/2025\/06\/CD65_11812_HD-300x200.jpg\" data-width=\"300\" data-height=\"200\" aria-label=\"\" role=\"img\" ><\/div>\n\t\t\t\t\t\t\t\t\t\t\t<div class=\"elementor-gallery-item__overlay\"><\/div>\n\t\t\t\t\t\t\t\t\t\t\t\t\t\t<\/a>\n\t\t\t\t\t\t\t<a class=\"e-gallery-item elementor-gallery-item elementor-animated-content\" href=\"https:\/\/mmi-tarbes.fr\/KellyPortfolio\/wp-content\/uploads\/2025\/06\/CD65_11807_HD-scaled.jpg\" data-elementor-open-lightbox=\"yes\" data-elementor-lightbox-slideshow=\"108a712\" data-elementor-lightbox-title=\"Crying, Adelaide Feriot\" data-e-action-hash=\"#elementor-action%3Aaction%3Dlightbox%26settings%3DeyJpZCI6MTE5OSwidXJsIjoiaHR0cHM6XC9cL21taS10YXJiZXMuZnJcL0tlbGx5UG9ydGZvbGlvXC93cC1jb250ZW50XC91cGxvYWRzXC8yMDI1XC8wNlwvQ0Q2NV8xMTgwN19IRC1zY2FsZWQuanBnIiwic2xpZGVzaG93IjoiMTA4YTcxMiJ9\">\n\t\t\t\t\t<div class=\"e-gallery-image elementor-gallery-item__image\" data-thumbnail=\"https:\/\/mmi-tarbes.fr\/KellyPortfolio\/wp-content\/uploads\/2025\/06\/CD65_11807_HD-200x300.jpg\" data-width=\"200\" data-height=\"300\" aria-label=\"\" role=\"img\" ><\/div>\n\t\t\t\t\t\t\t\t\t\t\t<div class=\"elementor-gallery-item__overlay\"><\/div>\n\t\t\t\t\t\t\t\t\t\t\t\t\t\t<\/a>\n\t\t\t\t\t\t\t<a class=\"e-gallery-item elementor-gallery-item elementor-animated-content\" href=\"https:\/\/mmi-tarbes.fr\/KellyPortfolio\/wp-content\/uploads\/2025\/06\/CD65_11841_HD-scaled.jpg\" data-elementor-open-lightbox=\"yes\" data-elementor-lightbox-slideshow=\"108a712\" data-elementor-lightbox-title=\"Crying, Adelaide Feriot\" data-e-action-hash=\"#elementor-action%3Aaction%3Dlightbox%26settings%3DeyJpZCI6MTIxNSwidXJsIjoiaHR0cHM6XC9cL21taS10YXJiZXMuZnJcL0tlbGx5UG9ydGZvbGlvXC93cC1jb250ZW50XC91cGxvYWRzXC8yMDI1XC8wNlwvQ0Q2NV8xMTg0MV9IRC1zY2FsZWQuanBnIiwic2xpZGVzaG93IjoiMTA4YTcxMiJ9\">\n\t\t\t\t\t<div class=\"e-gallery-image elementor-gallery-item__image\" data-thumbnail=\"https:\/\/mmi-tarbes.fr\/KellyPortfolio\/wp-content\/uploads\/2025\/06\/CD65_11841_HD-200x300.jpg\" data-width=\"200\" data-height=\"300\" aria-label=\"\" role=\"img\" ><\/div>\n\t\t\t\t\t\t\t\t\t\t\t<div class=\"elementor-gallery-item__overlay\"><\/div>\n\t\t\t\t\t\t\t\t\t\t\t\t\t\t<\/a>\n\t\t\t\t\t\t\t<a class=\"e-gallery-item elementor-gallery-item elementor-animated-content\" href=\"https:\/\/mmi-tarbes.fr\/KellyPortfolio\/wp-content\/uploads\/2025\/06\/CD65_11435_HD-scaled.jpg\" data-elementor-open-lightbox=\"yes\" data-elementor-lightbox-slideshow=\"108a712\" data-elementor-lightbox-title=\"Assemblee du 28 mars : compte administratif 2024 et budget primitif 2025.\" data-e-action-hash=\"#elementor-action%3Aaction%3Dlightbox%26settings%3DeyJpZCI6MTE4OCwidXJsIjoiaHR0cHM6XC9cL21taS10YXJiZXMuZnJcL0tlbGx5UG9ydGZvbGlvXC93cC1jb250ZW50XC91cGxvYWRzXC8yMDI1XC8wNlwvQ0Q2NV8xMTQzNV9IRC1zY2FsZWQuanBnIiwic2xpZGVzaG93IjoiMTA4YTcxMiJ9\">\n\t\t\t\t\t<div class=\"e-gallery-image elementor-gallery-item__image\" data-thumbnail=\"https:\/\/mmi-tarbes.fr\/KellyPortfolio\/wp-content\/uploads\/2025\/06\/CD65_11435_HD-300x200.jpg\" data-width=\"300\" data-height=\"200\" aria-label=\"\" role=\"img\" ><\/div>\n\t\t\t\t\t\t\t\t\t\t\t<div class=\"elementor-gallery-item__overlay\"><\/div>\n\t\t\t\t\t\t\t\t\t\t\t\t\t\t<\/a>\n\t\t\t\t\t\t\t<a class=\"e-gallery-item elementor-gallery-item elementor-animated-content\" href=\"https:\/\/mmi-tarbes.fr\/KellyPortfolio\/wp-content\/uploads\/2025\/06\/CD65_11837_HD-scaled.jpg\" data-elementor-open-lightbox=\"yes\" data-elementor-lightbox-slideshow=\"108a712\" data-elementor-lightbox-title=\"Abbaye de l&#039;Escaladieu\" data-e-action-hash=\"#elementor-action%3Aaction%3Dlightbox%26settings%3DeyJpZCI6MTIxMiwidXJsIjoiaHR0cHM6XC9cL21taS10YXJiZXMuZnJcL0tlbGx5UG9ydGZvbGlvXC93cC1jb250ZW50XC91cGxvYWRzXC8yMDI1XC8wNlwvQ0Q2NV8xMTgzN19IRC1zY2FsZWQuanBnIiwic2xpZGVzaG93IjoiMTA4YTcxMiJ9\">\n\t\t\t\t\t<div class=\"e-gallery-image elementor-gallery-item__image\" data-thumbnail=\"https:\/\/mmi-tarbes.fr\/KellyPortfolio\/wp-content\/uploads\/2025\/06\/CD65_11837_HD-200x300.jpg\" data-width=\"200\" data-height=\"300\" aria-label=\"\" role=\"img\" ><\/div>\n\t\t\t\t\t\t\t\t\t\t\t<div class=\"elementor-gallery-item__overlay\"><\/div>\n\t\t\t\t\t\t\t\t\t\t\t\t\t\t<\/a>\n\t\t\t\t\t\t\t<a class=\"e-gallery-item elementor-gallery-item elementor-animated-content\" href=\"https:\/\/mmi-tarbes.fr\/KellyPortfolio\/wp-content\/uploads\/2025\/06\/CD65_11957_HD-scaled.jpg\" data-elementor-open-lightbox=\"yes\" data-elementor-lightbox-slideshow=\"108a712\" data-elementor-lightbox-title=\"Abbaye de l&#039;Escaladieu - Salle capitulaire\" data-e-action-hash=\"#elementor-action%3Aaction%3Dlightbox%26settings%3DeyJpZCI6MTIyMiwidXJsIjoiaHR0cHM6XC9cL21taS10YXJiZXMuZnJcL0tlbGx5UG9ydGZvbGlvXC93cC1jb250ZW50XC91cGxvYWRzXC8yMDI1XC8wNlwvQ0Q2NV8xMTk1N19IRC1zY2FsZWQuanBnIiwic2xpZGVzaG93IjoiMTA4YTcxMiJ9\">\n\t\t\t\t\t<div class=\"e-gallery-image elementor-gallery-item__image\" data-thumbnail=\"https:\/\/mmi-tarbes.fr\/KellyPortfolio\/wp-content\/uploads\/2025\/06\/CD65_11957_HD-300x200.jpg\" data-width=\"300\" data-height=\"200\" aria-label=\"\" role=\"img\" ><\/div>\n\t\t\t\t\t\t\t\t\t\t\t<div class=\"elementor-gallery-item__overlay\"><\/div>\n\t\t\t\t\t\t\t\t\t\t\t\t\t\t<\/a>\n\t\t\t\t\t\t\t<a class=\"e-gallery-item elementor-gallery-item elementor-animated-content\" href=\"https:\/\/mmi-tarbes.fr\/KellyPortfolio\/wp-content\/uploads\/2025\/06\/CD65_11439_HD.jpg\" data-elementor-open-lightbox=\"yes\" data-elementor-lightbox-slideshow=\"108a712\" data-elementor-lightbox-title=\"Assemblee du 28 mars : compte administratif 2024 et budget primitif 2025.\" data-e-action-hash=\"#elementor-action%3Aaction%3Dlightbox%26settings%3DeyJpZCI6MTE5MCwidXJsIjoiaHR0cHM6XC9cL21taS10YXJiZXMuZnJcL0tlbGx5UG9ydGZvbGlvXC93cC1jb250ZW50XC91cGxvYWRzXC8yMDI1XC8wNlwvQ0Q2NV8xMTQzOV9IRC5qcGciLCJzbGlkZXNob3ciOiIxMDhhNzEyIn0%3D\">\n\t\t\t\t\t<div class=\"e-gallery-image elementor-gallery-item__image\" data-thumbnail=\"https:\/\/mmi-tarbes.fr\/KellyPortfolio\/wp-content\/uploads\/2025\/06\/CD65_11439_HD-300x200.jpg\" data-width=\"300\" data-height=\"200\" aria-label=\"\" role=\"img\" ><\/div>\n\t\t\t\t\t\t\t\t\t\t\t<div class=\"elementor-gallery-item__overlay\"><\/div>\n\t\t\t\t\t\t\t\t\t\t\t\t\t\t<\/a>\n\t\t\t\t\t\t\t<a class=\"e-gallery-item elementor-gallery-item elementor-animated-content\" href=\"https:\/\/mmi-tarbes.fr\/KellyPortfolio\/wp-content\/uploads\/2025\/06\/CD65_11430_HD-scaled.jpg\" data-elementor-open-lightbox=\"yes\" data-elementor-lightbox-slideshow=\"108a712\" data-elementor-lightbox-title=\"Assemblee du 28 mars : compte administratif 2024 et budget primitif 2025.\" data-e-action-hash=\"#elementor-action%3Aaction%3Dlightbox%26settings%3DeyJpZCI6MTE4NiwidXJsIjoiaHR0cHM6XC9cL21taS10YXJiZXMuZnJcL0tlbGx5UG9ydGZvbGlvXC93cC1jb250ZW50XC91cGxvYWRzXC8yMDI1XC8wNlwvQ0Q2NV8xMTQzMF9IRC1zY2FsZWQuanBnIiwic2xpZGVzaG93IjoiMTA4YTcxMiJ9\">\n\t\t\t\t\t<div class=\"e-gallery-image elementor-gallery-item__image\" data-thumbnail=\"https:\/\/mmi-tarbes.fr\/KellyPortfolio\/wp-content\/uploads\/2025\/06\/CD65_11430_HD-300x200.jpg\" data-width=\"300\" data-height=\"200\" aria-label=\"\" role=\"img\" ><\/div>\n\t\t\t\t\t\t\t\t\t\t\t<div class=\"elementor-gallery-item__overlay\"><\/div>\n\t\t\t\t\t\t\t\t\t\t\t\t\t\t<\/a>\n\t\t\t\t\t\t\t<a class=\"e-gallery-item elementor-gallery-item elementor-animated-content\" href=\"https:\/\/mmi-tarbes.fr\/KellyPortfolio\/wp-content\/uploads\/2025\/06\/CD65_11952_HD-scaled.jpg\" data-elementor-open-lightbox=\"yes\" data-elementor-lightbox-slideshow=\"108a712\" data-elementor-lightbox-title=\"Abbaye de l&#039;Escaladieu - Salle capitulaire\" data-e-action-hash=\"#elementor-action%3Aaction%3Dlightbox%26settings%3DeyJpZCI6MTIyMCwidXJsIjoiaHR0cHM6XC9cL21taS10YXJiZXMuZnJcL0tlbGx5UG9ydGZvbGlvXC93cC1jb250ZW50XC91cGxvYWRzXC8yMDI1XC8wNlwvQ0Q2NV8xMTk1Ml9IRC1zY2FsZWQuanBnIiwic2xpZGVzaG93IjoiMTA4YTcxMiJ9\">\n\t\t\t\t\t<div class=\"e-gallery-image elementor-gallery-item__image\" data-thumbnail=\"https:\/\/mmi-tarbes.fr\/KellyPortfolio\/wp-content\/uploads\/2025\/06\/CD65_11952_HD-300x200.jpg\" data-width=\"300\" data-height=\"200\" aria-label=\"\" role=\"img\" ><\/div>\n\t\t\t\t\t\t\t\t\t\t\t<div class=\"elementor-gallery-item__overlay\"><\/div>\n\t\t\t\t\t\t\t\t\t\t\t\t\t\t<\/a>\n\t\t\t\t\t\t\t<a class=\"e-gallery-item elementor-gallery-item elementor-animated-content\" href=\"https:\/\/mmi-tarbes.fr\/KellyPortfolio\/wp-content\/uploads\/2025\/06\/CD65_11976_HD-scaled.jpg\" data-elementor-open-lightbox=\"yes\" data-elementor-lightbox-slideshow=\"108a712\" data-elementor-lightbox-title=\"Abbaye de l&#039;Escaladieu - Salle capitulaire\" data-e-action-hash=\"#elementor-action%3Aaction%3Dlightbox%26settings%3DeyJpZCI6MTIzMCwidXJsIjoiaHR0cHM6XC9cL21taS10YXJiZXMuZnJcL0tlbGx5UG9ydGZvbGlvXC93cC1jb250ZW50XC91cGxvYWRzXC8yMDI1XC8wNlwvQ0Q2NV8xMTk3Nl9IRC1zY2FsZWQuanBnIiwic2xpZGVzaG93IjoiMTA4YTcxMiJ9\">\n\t\t\t\t\t<div class=\"e-gallery-image elementor-gallery-item__image\" data-thumbnail=\"https:\/\/mmi-tarbes.fr\/KellyPortfolio\/wp-content\/uploads\/2025\/06\/CD65_11976_HD-200x300.jpg\" data-width=\"200\" data-height=\"300\" aria-label=\"\" role=\"img\" ><\/div>\n\t\t\t\t\t\t\t\t\t\t\t<div class=\"elementor-gallery-item__overlay\"><\/div>\n\t\t\t\t\t\t\t\t\t\t\t\t\t\t<\/a>\n\t\t\t\t\t\t\t<a class=\"e-gallery-item elementor-gallery-item elementor-animated-content\" href=\"https:\/\/mmi-tarbes.fr\/KellyPortfolio\/wp-content\/uploads\/2025\/06\/CD65_11824_HD-scaled.jpg\" data-elementor-open-lightbox=\"yes\" data-elementor-lightbox-slideshow=\"108a712\" data-elementor-lightbox-title=\"Abbaye de l&#039;Escaladieu\" data-e-action-hash=\"#elementor-action%3Aaction%3Dlightbox%26settings%3DeyJpZCI6MTIwNCwidXJsIjoiaHR0cHM6XC9cL21taS10YXJiZXMuZnJcL0tlbGx5UG9ydGZvbGlvXC93cC1jb250ZW50XC91cGxvYWRzXC8yMDI1XC8wNlwvQ0Q2NV8xMTgyNF9IRC1zY2FsZWQuanBnIiwic2xpZGVzaG93IjoiMTA4YTcxMiJ9\">\n\t\t\t\t\t<div class=\"e-gallery-image elementor-gallery-item__image\" data-thumbnail=\"https:\/\/mmi-tarbes.fr\/KellyPortfolio\/wp-content\/uploads\/2025\/06\/CD65_11824_HD-300x200.jpg\" data-width=\"300\" data-height=\"200\" aria-label=\"\" role=\"img\" ><\/div>\n\t\t\t\t\t\t\t\t\t\t\t<div class=\"elementor-gallery-item__overlay\"><\/div>\n\t\t\t\t\t\t\t\t\t\t\t\t\t\t<\/a>\n\t\t\t\t\t\t\t<a class=\"e-gallery-item elementor-gallery-item elementor-animated-content\" href=\"https:\/\/mmi-tarbes.fr\/KellyPortfolio\/wp-content\/uploads\/2025\/06\/CD65_11526_HD-scaled.jpg\" data-elementor-open-lightbox=\"yes\" data-elementor-lightbox-slideshow=\"108a712\" data-elementor-lightbox-title=\"Fete des troisiemes au Departement\" data-e-action-hash=\"#elementor-action%3Aaction%3Dlightbox%26settings%3DeyJpZCI6MTE5MywidXJsIjoiaHR0cHM6XC9cL21taS10YXJiZXMuZnJcL0tlbGx5UG9ydGZvbGlvXC93cC1jb250ZW50XC91cGxvYWRzXC8yMDI1XC8wNlwvQ0Q2NV8xMTUyNl9IRC1zY2FsZWQuanBnIiwic2xpZGVzaG93IjoiMTA4YTcxMiJ9\">\n\t\t\t\t\t<div class=\"e-gallery-image elementor-gallery-item__image\" data-thumbnail=\"https:\/\/mmi-tarbes.fr\/KellyPortfolio\/wp-content\/uploads\/2025\/06\/CD65_11526_HD-200x300.jpg\" data-width=\"200\" data-height=\"300\" aria-label=\"\" role=\"img\" ><\/div>\n\t\t\t\t\t\t\t\t\t\t\t<div class=\"elementor-gallery-item__overlay\"><\/div>\n\t\t\t\t\t\t\t\t\t\t\t\t\t\t<\/a>\n\t\t\t\t\t\t\t<a class=\"e-gallery-item elementor-gallery-item elementor-animated-content\" href=\"https:\/\/mmi-tarbes.fr\/KellyPortfolio\/wp-content\/uploads\/2025\/06\/CD65_11838_HD-scaled.jpg\" data-elementor-open-lightbox=\"yes\" data-elementor-lightbox-slideshow=\"108a712\" data-elementor-lightbox-title=\"Abbaye de l&#039;Escaladieu\" data-e-action-hash=\"#elementor-action%3Aaction%3Dlightbox%26settings%3DeyJpZCI6MTIxMywidXJsIjoiaHR0cHM6XC9cL21taS10YXJiZXMuZnJcL0tlbGx5UG9ydGZvbGlvXC93cC1jb250ZW50XC91cGxvYWRzXC8yMDI1XC8wNlwvQ0Q2NV8xMTgzOF9IRC1zY2FsZWQuanBnIiwic2xpZGVzaG93IjoiMTA4YTcxMiJ9\">\n\t\t\t\t\t<div class=\"e-gallery-image elementor-gallery-item__image\" data-thumbnail=\"https:\/\/mmi-tarbes.fr\/KellyPortfolio\/wp-content\/uploads\/2025\/06\/CD65_11838_HD-200x300.jpg\" data-width=\"200\" data-height=\"300\" aria-label=\"\" role=\"img\" ><\/div>\n\t\t\t\t\t\t\t\t\t\t\t<div class=\"elementor-gallery-item__overlay\"><\/div>\n\t\t\t\t\t\t\t\t\t\t\t\t\t\t<\/a>\n\t\t\t\t\t\t\t<a class=\"e-gallery-item elementor-gallery-item elementor-animated-content\" href=\"https:\/\/mmi-tarbes.fr\/KellyPortfolio\/wp-content\/uploads\/2025\/01\/CD65_08413_WEB.jpg\" data-elementor-open-lightbox=\"yes\" data-elementor-lightbox-slideshow=\"108a712\" data-elementor-lightbox-title=\"College Paul Eluard - Presentation des panneaux photovoltaiques\" data-e-action-hash=\"#elementor-action%3Aaction%3Dlightbox%26settings%3DeyJpZCI6NTcxLCJ1cmwiOiJodHRwczpcL1wvbW1pLXRhcmJlcy5mclwvS2VsbHlQb3J0Zm9saW9cL3dwLWNvbnRlbnRcL3VwbG9hZHNcLzIwMjVcLzAxXC9DRDY1XzA4NDEzX1dFQi5qcGciLCJzbGlkZXNob3ciOiIxMDhhNzEyIn0%3D\">\n\t\t\t\t\t<div class=\"e-gallery-image elementor-gallery-item__image\" data-thumbnail=\"https:\/\/mmi-tarbes.fr\/KellyPortfolio\/wp-content\/uploads\/2025\/01\/CD65_08413_WEB-300x200.jpg\" data-width=\"300\" data-height=\"200\" aria-label=\"\" role=\"img\" ><\/div>\n\t\t\t\t\t\t\t\t\t\t\t<div class=\"elementor-gallery-item__overlay\"><\/div>\n\t\t\t\t\t\t\t\t\t\t\t\t\t\t<\/a>\n\t\t\t\t\t\t\t<a class=\"e-gallery-item elementor-gallery-item elementor-animated-content\" href=\"https:\/\/mmi-tarbes.fr\/KellyPortfolio\/wp-content\/uploads\/2025\/06\/CD65_11840_HD-scaled.jpg\" data-elementor-open-lightbox=\"yes\" data-elementor-lightbox-slideshow=\"108a712\" data-elementor-lightbox-title=\"Abbaye de l&#039;Escaladieu\" data-e-action-hash=\"#elementor-action%3Aaction%3Dlightbox%26settings%3DeyJpZCI6MTIxNCwidXJsIjoiaHR0cHM6XC9cL21taS10YXJiZXMuZnJcL0tlbGx5UG9ydGZvbGlvXC93cC1jb250ZW50XC91cGxvYWRzXC8yMDI1XC8wNlwvQ0Q2NV8xMTg0MF9IRC1zY2FsZWQuanBnIiwic2xpZGVzaG93IjoiMTA4YTcxMiJ9\">\n\t\t\t\t\t<div class=\"e-gallery-image elementor-gallery-item__image\" data-thumbnail=\"https:\/\/mmi-tarbes.fr\/KellyPortfolio\/wp-content\/uploads\/2025\/06\/CD65_11840_HD-300x200.jpg\" data-width=\"300\" data-height=\"200\" aria-label=\"\" role=\"img\" ><\/div>\n\t\t\t\t\t\t\t\t\t\t\t<div class=\"elementor-gallery-item__overlay\"><\/div>\n\t\t\t\t\t\t\t\t\t\t\t\t\t\t<\/a>\n\t\t\t\t\t\t\t<a class=\"e-gallery-item elementor-gallery-item elementor-animated-content\" href=\"https:\/\/mmi-tarbes.fr\/KellyPortfolio\/wp-content\/uploads\/2025\/06\/CD65_11788_HD-scaled.jpg\" data-elementor-open-lightbox=\"yes\" data-elementor-lightbox-slideshow=\"108a712\" data-elementor-lightbox-title=\"La ou chuchotent les Morphos, Delphine Denereaz\" data-e-action-hash=\"#elementor-action%3Aaction%3Dlightbox%26settings%3DeyJpZCI6MTE5NiwidXJsIjoiaHR0cHM6XC9cL21taS10YXJiZXMuZnJcL0tlbGx5UG9ydGZvbGlvXC93cC1jb250ZW50XC91cGxvYWRzXC8yMDI1XC8wNlwvQ0Q2NV8xMTc4OF9IRC1zY2FsZWQuanBnIiwic2xpZGVzaG93IjoiMTA4YTcxMiJ9\">\n\t\t\t\t\t<div class=\"e-gallery-image elementor-gallery-item__image\" data-thumbnail=\"https:\/\/mmi-tarbes.fr\/KellyPortfolio\/wp-content\/uploads\/2025\/06\/CD65_11788_HD-300x200.jpg\" data-width=\"300\" data-height=\"200\" aria-label=\"\" role=\"img\" ><\/div>\n\t\t\t\t\t\t\t\t\t\t\t<div class=\"elementor-gallery-item__overlay\"><\/div>\n\t\t\t\t\t\t\t\t\t\t\t\t\t\t<\/a>\n\t\t\t\t\t\t\t<a class=\"e-gallery-item elementor-gallery-item elementor-animated-content\" href=\"https:\/\/mmi-tarbes.fr\/KellyPortfolio\/wp-content\/uploads\/2025\/01\/CD65_08360_WEB.jpg\" data-elementor-open-lightbox=\"yes\" data-elementor-lightbox-slideshow=\"108a712\" data-elementor-lightbox-title=\"Helicoptere du PGHM au Col du Tourmalet\" data-e-action-hash=\"#elementor-action%3Aaction%3Dlightbox%26settings%3DeyJpZCI6NTY0LCJ1cmwiOiJodHRwczpcL1wvbW1pLXRhcmJlcy5mclwvS2VsbHlQb3J0Zm9saW9cL3dwLWNvbnRlbnRcL3VwbG9hZHNcLzIwMjVcLzAxXC9DRDY1XzA4MzYwX1dFQi5qcGciLCJzbGlkZXNob3ciOiIxMDhhNzEyIn0%3D\">\n\t\t\t\t\t<div class=\"e-gallery-image elementor-gallery-item__image\" data-thumbnail=\"https:\/\/mmi-tarbes.fr\/KellyPortfolio\/wp-content\/uploads\/2025\/01\/CD65_08360_WEB-200x300.jpg\" data-width=\"200\" data-height=\"300\" aria-label=\"\" role=\"img\" ><\/div>\n\t\t\t\t\t\t\t\t\t\t\t<div class=\"elementor-gallery-item__overlay\"><\/div>\n\t\t\t\t\t\t\t\t\t\t\t\t\t\t<\/a>\n\t\t\t\t\t\t\t<a class=\"e-gallery-item elementor-gallery-item elementor-animated-content\" href=\"https:\/\/mmi-tarbes.fr\/KellyPortfolio\/wp-content\/uploads\/2025\/01\/CD65_08359_WEB.jpg\" data-elementor-open-lightbox=\"yes\" data-elementor-lightbox-slideshow=\"108a712\" data-elementor-lightbox-title=\"Col du Tourmalet avant l&#039;ouverture de la route\" data-e-action-hash=\"#elementor-action%3Aaction%3Dlightbox%26settings%3DeyJpZCI6NTYzLCJ1cmwiOiJodHRwczpcL1wvbW1pLXRhcmJlcy5mclwvS2VsbHlQb3J0Zm9saW9cL3dwLWNvbnRlbnRcL3VwbG9hZHNcLzIwMjVcLzAxXC9DRDY1XzA4MzU5X1dFQi5qcGciLCJzbGlkZXNob3ciOiIxMDhhNzEyIn0%3D\">\n\t\t\t\t\t<div class=\"e-gallery-image elementor-gallery-item__image\" data-thumbnail=\"https:\/\/mmi-tarbes.fr\/KellyPortfolio\/wp-content\/uploads\/2025\/01\/CD65_08359_WEB-200x300.jpg\" data-width=\"200\" data-height=\"300\" aria-label=\"\" role=\"img\" ><\/div>\n\t\t\t\t\t\t\t\t\t\t\t<div class=\"elementor-gallery-item__overlay\"><\/div>\n\t\t\t\t\t\t\t\t\t\t\t\t\t\t<\/a>\n\t\t\t\t\t\t\t<a class=\"e-gallery-item elementor-gallery-item elementor-animated-content\" href=\"https:\/\/mmi-tarbes.fr\/KellyPortfolio\/wp-content\/uploads\/2025\/06\/CD65_11273_HD-scaled.jpg\" data-elementor-open-lightbox=\"yes\" data-elementor-lightbox-slideshow=\"108a712\" data-elementor-lightbox-title=\"Installation de l&#039;oeuvre aux nouvelles archives departementales Eugene Tenot\" data-e-action-hash=\"#elementor-action%3Aaction%3Dlightbox%26settings%3DeyJpZCI6MTE4MCwidXJsIjoiaHR0cHM6XC9cL21taS10YXJiZXMuZnJcL0tlbGx5UG9ydGZvbGlvXC93cC1jb250ZW50XC91cGxvYWRzXC8yMDI1XC8wNlwvQ0Q2NV8xMTI3M19IRC1zY2FsZWQuanBnIiwic2xpZGVzaG93IjoiMTA4YTcxMiJ9\">\n\t\t\t\t\t<div class=\"e-gallery-image elementor-gallery-item__image\" data-thumbnail=\"https:\/\/mmi-tarbes.fr\/KellyPortfolio\/wp-content\/uploads\/2025\/06\/CD65_11273_HD-200x300.jpg\" data-width=\"200\" data-height=\"300\" aria-label=\"\" role=\"img\" ><\/div>\n\t\t\t\t\t\t\t\t\t\t\t<div class=\"elementor-gallery-item__overlay\"><\/div>\n\t\t\t\t\t\t\t\t\t\t\t\t\t\t<\/a>\n\t\t\t\t\t\t\t<a class=\"e-gallery-item elementor-gallery-item elementor-animated-content\" href=\"https:\/\/mmi-tarbes.fr\/KellyPortfolio\/wp-content\/uploads\/2025\/06\/CD65_11294_HD-scaled.jpg\" data-elementor-open-lightbox=\"yes\" data-elementor-lightbox-slideshow=\"108a712\" data-elementor-lightbox-title=\"Installation de l&#039;oeuvre aux nouvelles archives departementales Eugene Tenot\" data-e-action-hash=\"#elementor-action%3Aaction%3Dlightbox%26settings%3DeyJpZCI6MTE4NCwidXJsIjoiaHR0cHM6XC9cL21taS10YXJiZXMuZnJcL0tlbGx5UG9ydGZvbGlvXC93cC1jb250ZW50XC91cGxvYWRzXC8yMDI1XC8wNlwvQ0Q2NV8xMTI5NF9IRC1zY2FsZWQuanBnIiwic2xpZGVzaG93IjoiMTA4YTcxMiJ9\">\n\t\t\t\t\t<div class=\"e-gallery-image elementor-gallery-item__image\" data-thumbnail=\"https:\/\/mmi-tarbes.fr\/KellyPortfolio\/wp-content\/uploads\/2025\/06\/CD65_11294_HD-200x300.jpg\" data-width=\"200\" data-height=\"300\" aria-label=\"\" role=\"img\" ><\/div>\n\t\t\t\t\t\t\t\t\t\t\t<div class=\"elementor-gallery-item__overlay\"><\/div>\n\t\t\t\t\t\t\t\t\t\t\t\t\t\t<\/a>\n\t\t\t\t\t\t\t<a class=\"e-gallery-item elementor-gallery-item elementor-animated-content\" href=\"https:\/\/mmi-tarbes.fr\/KellyPortfolio\/wp-content\/uploads\/2025\/06\/CD65_11836_HD-scaled.jpg\" data-elementor-open-lightbox=\"yes\" data-elementor-lightbox-slideshow=\"108a712\" data-elementor-lightbox-title=\"Abbaye de l&#039;Escaladieu\" data-e-action-hash=\"#elementor-action%3Aaction%3Dlightbox%26settings%3DeyJpZCI6MTIxMSwidXJsIjoiaHR0cHM6XC9cL21taS10YXJiZXMuZnJcL0tlbGx5UG9ydGZvbGlvXC93cC1jb250ZW50XC91cGxvYWRzXC8yMDI1XC8wNlwvQ0Q2NV8xMTgzNl9IRC1zY2FsZWQuanBnIiwic2xpZGVzaG93IjoiMTA4YTcxMiJ9\">\n\t\t\t\t\t<div class=\"e-gallery-image elementor-gallery-item__image\" data-thumbnail=\"https:\/\/mmi-tarbes.fr\/KellyPortfolio\/wp-content\/uploads\/2025\/06\/CD65_11836_HD-200x300.jpg\" data-width=\"200\" data-height=\"300\" aria-label=\"\" role=\"img\" ><\/div>\n\t\t\t\t\t\t\t\t\t\t\t<div class=\"elementor-gallery-item__overlay\"><\/div>\n\t\t\t\t\t\t\t\t\t\t\t\t\t\t<\/a>\n\t\t\t\t\t\t\t<a class=\"e-gallery-item elementor-gallery-item elementor-animated-content\" href=\"https:\/\/mmi-tarbes.fr\/KellyPortfolio\/wp-content\/uploads\/2025\/01\/CD65_08363_WEB.jpg\" data-elementor-open-lightbox=\"yes\" data-elementor-lightbox-slideshow=\"108a712\" data-elementor-lightbox-title=\"Col du Tourmalet avant l&#039;ouverture de la route\" data-e-action-hash=\"#elementor-action%3Aaction%3Dlightbox%26settings%3DeyJpZCI6NTcwLCJ1cmwiOiJodHRwczpcL1wvbW1pLXRhcmJlcy5mclwvS2VsbHlQb3J0Zm9saW9cL3dwLWNvbnRlbnRcL3VwbG9hZHNcLzIwMjVcLzAxXC9DRDY1XzA4MzYzX1dFQi5qcGciLCJzbGlkZXNob3ciOiIxMDhhNzEyIn0%3D\">\n\t\t\t\t\t<div class=\"e-gallery-image elementor-gallery-item__image\" data-thumbnail=\"https:\/\/mmi-tarbes.fr\/KellyPortfolio\/wp-content\/uploads\/2025\/01\/CD65_08363_WEB-300x200.jpg\" data-width=\"300\" data-height=\"200\" aria-label=\"\" role=\"img\" ><\/div>\n\t\t\t\t\t\t\t\t\t\t\t<div class=\"elementor-gallery-item__overlay\"><\/div>\n\t\t\t\t\t\t\t\t\t\t\t\t\t\t<\/a>\n\t\t\t\t\t\t\t<a class=\"e-gallery-item elementor-gallery-item elementor-animated-content\" href=\"https:\/\/mmi-tarbes.fr\/KellyPortfolio\/wp-content\/uploads\/2025\/06\/CD65_11830_HD-scaled.jpg\" data-elementor-open-lightbox=\"yes\" data-elementor-lightbox-slideshow=\"108a712\" data-elementor-lightbox-title=\"Abbaye de l&#039;Escaladieu\" data-e-action-hash=\"#elementor-action%3Aaction%3Dlightbox%26settings%3DeyJpZCI6MTIwNywidXJsIjoiaHR0cHM6XC9cL21taS10YXJiZXMuZnJcL0tlbGx5UG9ydGZvbGlvXC93cC1jb250ZW50XC91cGxvYWRzXC8yMDI1XC8wNlwvQ0Q2NV8xMTgzMF9IRC1zY2FsZWQuanBnIiwic2xpZGVzaG93IjoiMTA4YTcxMiJ9\">\n\t\t\t\t\t<div class=\"e-gallery-image elementor-gallery-item__image\" data-thumbnail=\"https:\/\/mmi-tarbes.fr\/KellyPortfolio\/wp-content\/uploads\/2025\/06\/CD65_11830_HD-300x200.jpg\" data-width=\"300\" data-height=\"200\" aria-label=\"\" role=\"img\" ><\/div>\n\t\t\t\t\t\t\t\t\t\t\t<div class=\"elementor-gallery-item__overlay\"><\/div>\n\t\t\t\t\t\t\t\t\t\t\t\t\t\t<\/a>\n\t\t\t\t\t\t\t<a class=\"e-gallery-item elementor-gallery-item elementor-animated-content\" href=\"https:\/\/mmi-tarbes.fr\/KellyPortfolio\/wp-content\/uploads\/2025\/06\/CD65_11827_HD-scaled.jpg\" data-elementor-open-lightbox=\"yes\" data-elementor-lightbox-slideshow=\"108a712\" data-elementor-lightbox-title=\"Abbaye de l&#039;Escaladieu\" data-e-action-hash=\"#elementor-action%3Aaction%3Dlightbox%26settings%3DeyJpZCI6MTIwNiwidXJsIjoiaHR0cHM6XC9cL21taS10YXJiZXMuZnJcL0tlbGx5UG9ydGZvbGlvXC93cC1jb250ZW50XC91cGxvYWRzXC8yMDI1XC8wNlwvQ0Q2NV8xMTgyN19IRC1zY2FsZWQuanBnIiwic2xpZGVzaG93IjoiMTA4YTcxMiJ9\">\n\t\t\t\t\t<div class=\"e-gallery-image elementor-gallery-item__image\" data-thumbnail=\"https:\/\/mmi-tarbes.fr\/KellyPortfolio\/wp-content\/uploads\/2025\/06\/CD65_11827_HD-300x200.jpg\" data-width=\"300\" data-height=\"200\" aria-label=\"\" role=\"img\" ><\/div>\n\t\t\t\t\t\t\t\t\t\t\t<div class=\"elementor-gallery-item__overlay\"><\/div>\n\t\t\t\t\t\t\t\t\t\t\t\t\t\t<\/a>\n\t\t\t\t\t\t\t<a class=\"e-gallery-item elementor-gallery-item elementor-animated-content\" href=\"https:\/\/mmi-tarbes.fr\/KellyPortfolio\/wp-content\/uploads\/2025\/06\/CD65_11834_HD-scaled.jpg\" data-elementor-open-lightbox=\"yes\" data-elementor-lightbox-slideshow=\"108a712\" data-elementor-lightbox-title=\"Abbaye de l&#039;Escaladieu\" data-e-action-hash=\"#elementor-action%3Aaction%3Dlightbox%26settings%3DeyJpZCI6MTIwOSwidXJsIjoiaHR0cHM6XC9cL21taS10YXJiZXMuZnJcL0tlbGx5UG9ydGZvbGlvXC93cC1jb250ZW50XC91cGxvYWRzXC8yMDI1XC8wNlwvQ0Q2NV8xMTgzNF9IRC1zY2FsZWQuanBnIiwic2xpZGVzaG93IjoiMTA4YTcxMiJ9\">\n\t\t\t\t\t<div class=\"e-gallery-image elementor-gallery-item__image\" data-thumbnail=\"https:\/\/mmi-tarbes.fr\/KellyPortfolio\/wp-content\/uploads\/2025\/06\/CD65_11834_HD-300x200.jpg\" data-width=\"300\" data-height=\"200\" aria-label=\"\" role=\"img\" ><\/div>\n\t\t\t\t\t\t\t\t\t\t\t<div class=\"elementor-gallery-item__overlay\"><\/div>\n\t\t\t\t\t\t\t\t\t\t\t\t\t\t<\/a>\n\t\t\t\t\t\t\t<a class=\"e-gallery-item elementor-gallery-item elementor-animated-content\" href=\"https:\/\/mmi-tarbes.fr\/KellyPortfolio\/wp-content\/uploads\/2025\/06\/CD65_11964_HD-scaled.jpg\" data-elementor-open-lightbox=\"yes\" data-elementor-lightbox-slideshow=\"108a712\" data-elementor-lightbox-title=\"Abbaye de l&#039;Escaladieu - Salle capitulaire\" data-e-action-hash=\"#elementor-action%3Aaction%3Dlightbox%26settings%3DeyJpZCI6MTIyNSwidXJsIjoiaHR0cHM6XC9cL21taS10YXJiZXMuZnJcL0tlbGx5UG9ydGZvbGlvXC93cC1jb250ZW50XC91cGxvYWRzXC8yMDI1XC8wNlwvQ0Q2NV8xMTk2NF9IRC1zY2FsZWQuanBnIiwic2xpZGVzaG93IjoiMTA4YTcxMiJ9\">\n\t\t\t\t\t<div class=\"e-gallery-image elementor-gallery-item__image\" data-thumbnail=\"https:\/\/mmi-tarbes.fr\/KellyPortfolio\/wp-content\/uploads\/2025\/06\/CD65_11964_HD-200x300.jpg\" data-width=\"200\" data-height=\"300\" aria-label=\"\" role=\"img\" ><\/div>\n\t\t\t\t\t\t\t\t\t\t\t<div class=\"elementor-gallery-item__overlay\"><\/div>\n\t\t\t\t\t\t\t\t\t\t\t\t\t\t<\/a>\n\t\t\t\t\t\t\t<a class=\"e-gallery-item elementor-gallery-item elementor-animated-content\" href=\"https:\/\/mmi-tarbes.fr\/KellyPortfolio\/wp-content\/uploads\/2025\/06\/CD65_11974_HD-scaled.jpg\" data-elementor-open-lightbox=\"yes\" data-elementor-lightbox-slideshow=\"108a712\" data-elementor-lightbox-title=\"Abbaye de l&#039;Escaladieu - Salle capitulaire\" data-e-action-hash=\"#elementor-action%3Aaction%3Dlightbox%26settings%3DeyJpZCI6MTIyOSwidXJsIjoiaHR0cHM6XC9cL21taS10YXJiZXMuZnJcL0tlbGx5UG9ydGZvbGlvXC93cC1jb250ZW50XC91cGxvYWRzXC8yMDI1XC8wNlwvQ0Q2NV8xMTk3NF9IRC1zY2FsZWQuanBnIiwic2xpZGVzaG93IjoiMTA4YTcxMiJ9\">\n\t\t\t\t\t<div class=\"e-gallery-image elementor-gallery-item__image\" data-thumbnail=\"https:\/\/mmi-tarbes.fr\/KellyPortfolio\/wp-content\/uploads\/2025\/06\/CD65_11974_HD-200x300.jpg\" data-width=\"200\" data-height=\"300\" aria-label=\"\" role=\"img\" ><\/div>\n\t\t\t\t\t\t\t\t\t\t\t<div class=\"elementor-gallery-item__overlay\"><\/div>\n\t\t\t\t\t\t\t\t\t\t\t\t\t\t<\/a>\n\t\t\t\t\t\t\t<a class=\"e-gallery-item elementor-gallery-item elementor-animated-content\" href=\"https:\/\/mmi-tarbes.fr\/KellyPortfolio\/wp-content\/uploads\/2025\/06\/CD65_11969_HD-scaled.jpg\" data-elementor-open-lightbox=\"yes\" data-elementor-lightbox-slideshow=\"108a712\" data-elementor-lightbox-title=\"Abbaye de l&#039;Escaladieu - Salle capitulaire\" data-e-action-hash=\"#elementor-action%3Aaction%3Dlightbox%26settings%3DeyJpZCI6MTIyNiwidXJsIjoiaHR0cHM6XC9cL21taS10YXJiZXMuZnJcL0tlbGx5UG9ydGZvbGlvXC93cC1jb250ZW50XC91cGxvYWRzXC8yMDI1XC8wNlwvQ0Q2NV8xMTk2OV9IRC1zY2FsZWQuanBnIiwic2xpZGVzaG93IjoiMTA4YTcxMiJ9\">\n\t\t\t\t\t<div class=\"e-gallery-image elementor-gallery-item__image\" data-thumbnail=\"https:\/\/mmi-tarbes.fr\/KellyPortfolio\/wp-content\/uploads\/2025\/06\/CD65_11969_HD-300x200.jpg\" data-width=\"300\" data-height=\"200\" aria-label=\"\" role=\"img\" ><\/div>\n\t\t\t\t\t\t\t\t\t\t\t<div class=\"elementor-gallery-item__overlay\"><\/div>\n\t\t\t\t\t\t\t\t\t\t\t\t\t\t<\/a>\n\t\t\t\t\t\t\t<a class=\"e-gallery-item elementor-gallery-item elementor-animated-content\" href=\"https:\/\/mmi-tarbes.fr\/KellyPortfolio\/wp-content\/uploads\/2025\/06\/CD65_11963_HD-scaled.jpg\" data-elementor-open-lightbox=\"yes\" data-elementor-lightbox-slideshow=\"108a712\" data-elementor-lightbox-title=\"Abbaye de l&#039;Escaladieu exterieurs\" data-e-action-hash=\"#elementor-action%3Aaction%3Dlightbox%26settings%3DeyJpZCI6MTIyNCwidXJsIjoiaHR0cHM6XC9cL21taS10YXJiZXMuZnJcL0tlbGx5UG9ydGZvbGlvXC93cC1jb250ZW50XC91cGxvYWRzXC8yMDI1XC8wNlwvQ0Q2NV8xMTk2M19IRC1zY2FsZWQuanBnIiwic2xpZGVzaG93IjoiMTA4YTcxMiJ9\">\n\t\t\t\t\t<div class=\"e-gallery-image elementor-gallery-item__image\" data-thumbnail=\"https:\/\/mmi-tarbes.fr\/KellyPortfolio\/wp-content\/uploads\/2025\/06\/CD65_11963_HD-200x300.jpg\" data-width=\"200\" data-height=\"300\" aria-label=\"\" role=\"img\" ><\/div>\n\t\t\t\t\t\t\t\t\t\t\t<div class=\"elementor-gallery-item__overlay\"><\/div>\n\t\t\t\t\t\t\t\t\t\t\t\t\t\t<\/a>\n\t\t\t\t\t\t\t<a class=\"e-gallery-item elementor-gallery-item elementor-animated-content\" href=\"https:\/\/mmi-tarbes.fr\/KellyPortfolio\/wp-content\/uploads\/2025\/06\/CD65_11512_HD-scaled.jpg\" data-elementor-open-lightbox=\"yes\" data-elementor-lightbox-slideshow=\"108a712\" data-elementor-lightbox-title=\"Fete des troisiemes au Departement\" data-e-action-hash=\"#elementor-action%3Aaction%3Dlightbox%26settings%3DeyJpZCI6MTE5MiwidXJsIjoiaHR0cHM6XC9cL21taS10YXJiZXMuZnJcL0tlbGx5UG9ydGZvbGlvXC93cC1jb250ZW50XC91cGxvYWRzXC8yMDI1XC8wNlwvQ0Q2NV8xMTUxMl9IRC1zY2FsZWQuanBnIiwic2xpZGVzaG93IjoiMTA4YTcxMiJ9\">\n\t\t\t\t\t<div class=\"e-gallery-image elementor-gallery-item__image\" data-thumbnail=\"https:\/\/mmi-tarbes.fr\/KellyPortfolio\/wp-content\/uploads\/2025\/06\/CD65_11512_HD-300x200.jpg\" data-width=\"300\" data-height=\"200\" aria-label=\"\" role=\"img\" ><\/div>\n\t\t\t\t\t\t\t\t\t\t\t<div class=\"elementor-gallery-item__overlay\"><\/div>\n\t\t\t\t\t\t\t\t\t\t\t\t\t\t<\/a>\n\t\t\t\t\t\t\t<a class=\"e-gallery-item elementor-gallery-item elementor-animated-content\" href=\"https:\/\/mmi-tarbes.fr\/KellyPortfolio\/wp-content\/uploads\/2025\/06\/CD65_11810_HD-scaled.jpg\" data-elementor-open-lightbox=\"yes\" data-elementor-lightbox-slideshow=\"108a712\" data-elementor-lightbox-title=\"Abbaye de l&#039;Escaladieu\" data-e-action-hash=\"#elementor-action%3Aaction%3Dlightbox%26settings%3DeyJpZCI6MTIwMCwidXJsIjoiaHR0cHM6XC9cL21taS10YXJiZXMuZnJcL0tlbGx5UG9ydGZvbGlvXC93cC1jb250ZW50XC91cGxvYWRzXC8yMDI1XC8wNlwvQ0Q2NV8xMTgxMF9IRC1zY2FsZWQuanBnIiwic2xpZGVzaG93IjoiMTA4YTcxMiJ9\">\n\t\t\t\t\t<div class=\"e-gallery-image elementor-gallery-item__image\" data-thumbnail=\"https:\/\/mmi-tarbes.fr\/KellyPortfolio\/wp-content\/uploads\/2025\/06\/CD65_11810_HD-200x300.jpg\" data-width=\"200\" data-height=\"300\" aria-label=\"\" role=\"img\" ><\/div>\n\t\t\t\t\t\t\t\t\t\t\t<div class=\"elementor-gallery-item__overlay\"><\/div>\n\t\t\t\t\t\t\t\t\t\t\t\t\t\t<\/a>\n\t\t\t\t\t\t\t<a class=\"e-gallery-item elementor-gallery-item elementor-animated-content\" href=\"https:\/\/mmi-tarbes.fr\/KellyPortfolio\/wp-content\/uploads\/2025\/06\/CD65_11280_HD-scaled.jpg\" data-elementor-open-lightbox=\"yes\" data-elementor-lightbox-slideshow=\"108a712\" data-elementor-lightbox-title=\"Installation de l&#039;oeuvre aux nouvelles archives departementales Eugene Tenot\" data-e-action-hash=\"#elementor-action%3Aaction%3Dlightbox%26settings%3DeyJpZCI6MTE4MiwidXJsIjoiaHR0cHM6XC9cL21taS10YXJiZXMuZnJcL0tlbGx5UG9ydGZvbGlvXC93cC1jb250ZW50XC91cGxvYWRzXC8yMDI1XC8wNlwvQ0Q2NV8xMTI4MF9IRC1zY2FsZWQuanBnIiwic2xpZGVzaG93IjoiMTA4YTcxMiJ9\">\n\t\t\t\t\t<div class=\"e-gallery-image elementor-gallery-item__image\" data-thumbnail=\"https:\/\/mmi-tarbes.fr\/KellyPortfolio\/wp-content\/uploads\/2025\/06\/CD65_11280_HD-300x200.jpg\" data-width=\"300\" data-height=\"200\" aria-label=\"\" role=\"img\" ><\/div>\n\t\t\t\t\t\t\t\t\t\t\t<div class=\"elementor-gallery-item__overlay\"><\/div>\n\t\t\t\t\t\t\t\t\t\t\t\t\t\t<\/a>\n\t\t\t\t\t\t\t<a class=\"e-gallery-item elementor-gallery-item elementor-animated-content\" href=\"https:\/\/mmi-tarbes.fr\/KellyPortfolio\/wp-content\/uploads\/2025\/06\/CD65_11980_HD-scaled.jpg\" data-elementor-open-lightbox=\"yes\" data-elementor-lightbox-slideshow=\"108a712\" data-elementor-lightbox-title=\"Abbaye de l&#039;Escaladieu exterieurs\" data-e-action-hash=\"#elementor-action%3Aaction%3Dlightbox%26settings%3DeyJpZCI6MTIzMSwidXJsIjoiaHR0cHM6XC9cL21taS10YXJiZXMuZnJcL0tlbGx5UG9ydGZvbGlvXC93cC1jb250ZW50XC91cGxvYWRzXC8yMDI1XC8wNlwvQ0Q2NV8xMTk4MF9IRC1zY2FsZWQuanBnIiwic2xpZGVzaG93IjoiMTA4YTcxMiJ9\">\n\t\t\t\t\t<div class=\"e-gallery-image elementor-gallery-item__image\" data-thumbnail=\"https:\/\/mmi-tarbes.fr\/KellyPortfolio\/wp-content\/uploads\/2025\/06\/CD65_11980_HD-300x200.jpg\" data-width=\"300\" data-height=\"200\" aria-label=\"\" role=\"img\" ><\/div>\n\t\t\t\t\t\t\t\t\t\t\t<div class=\"elementor-gallery-item__overlay\"><\/div>\n\t\t\t\t\t\t\t\t\t\t\t\t\t\t<\/a>\n\t\t\t\t\t\t\t<a class=\"e-gallery-item elementor-gallery-item elementor-animated-content\" href=\"https:\/\/mmi-tarbes.fr\/KellyPortfolio\/wp-content\/uploads\/2025\/06\/CD65_11831_HD-scaled.jpg\" data-elementor-open-lightbox=\"yes\" data-elementor-lightbox-slideshow=\"108a712\" data-elementor-lightbox-title=\"Abbaye de l&#039;Escaladieu\" data-e-action-hash=\"#elementor-action%3Aaction%3Dlightbox%26settings%3DeyJpZCI6MTIwOCwidXJsIjoiaHR0cHM6XC9cL21taS10YXJiZXMuZnJcL0tlbGx5UG9ydGZvbGlvXC93cC1jb250ZW50XC91cGxvYWRzXC8yMDI1XC8wNlwvQ0Q2NV8xMTgzMV9IRC1zY2FsZWQuanBnIiwic2xpZGVzaG93IjoiMTA4YTcxMiJ9\">\n\t\t\t\t\t<div class=\"e-gallery-image elementor-gallery-item__image\" data-thumbnail=\"https:\/\/mmi-tarbes.fr\/KellyPortfolio\/wp-content\/uploads\/2025\/06\/CD65_11831_HD-200x300.jpg\" data-width=\"200\" data-height=\"300\" aria-label=\"\" role=\"img\" ><\/div>\n\t\t\t\t\t\t\t\t\t\t\t<div class=\"elementor-gallery-item__overlay\"><\/div>\n\t\t\t\t\t\t\t\t\t\t\t\t\t\t<\/a>\n\t\t\t\t\t\t\t<a class=\"e-gallery-item elementor-gallery-item elementor-animated-content\" href=\"https:\/\/mmi-tarbes.fr\/KellyPortfolio\/wp-content\/uploads\/2025\/06\/CD65_11948_HD-scaled.jpg\" data-elementor-open-lightbox=\"yes\" data-elementor-lightbox-slideshow=\"108a712\" data-elementor-lightbox-title=\"Abbaye de l&#039;Escaladieu exterieurs\" data-e-action-hash=\"#elementor-action%3Aaction%3Dlightbox%26settings%3DeyJpZCI6MTIxOCwidXJsIjoiaHR0cHM6XC9cL21taS10YXJiZXMuZnJcL0tlbGx5UG9ydGZvbGlvXC93cC1jb250ZW50XC91cGxvYWRzXC8yMDI1XC8wNlwvQ0Q2NV8xMTk0OF9IRC1zY2FsZWQuanBnIiwic2xpZGVzaG93IjoiMTA4YTcxMiJ9\">\n\t\t\t\t\t<div class=\"e-gallery-image elementor-gallery-item__image\" data-thumbnail=\"https:\/\/mmi-tarbes.fr\/KellyPortfolio\/wp-content\/uploads\/2025\/06\/CD65_11948_HD-200x300.jpg\" data-width=\"200\" data-height=\"300\" aria-label=\"\" role=\"img\" ><\/div>\n\t\t\t\t\t\t\t\t\t\t\t<div class=\"elementor-gallery-item__overlay\"><\/div>\n\t\t\t\t\t\t\t\t\t\t\t\t\t\t<\/a>\n\t\t\t\t\t\t\t<a class=\"e-gallery-item elementor-gallery-item elementor-animated-content\" href=\"https:\/\/mmi-tarbes.fr\/KellyPortfolio\/wp-content\/uploads\/2025\/06\/CD65_11956_HD-scaled.jpg\" data-elementor-open-lightbox=\"yes\" data-elementor-lightbox-slideshow=\"108a712\" data-elementor-lightbox-title=\"Abbaye de l&#039;Escaladieu - Salle capitulaire\" data-e-action-hash=\"#elementor-action%3Aaction%3Dlightbox%26settings%3DeyJpZCI6MTIyMSwidXJsIjoiaHR0cHM6XC9cL21taS10YXJiZXMuZnJcL0tlbGx5UG9ydGZvbGlvXC93cC1jb250ZW50XC91cGxvYWRzXC8yMDI1XC8wNlwvQ0Q2NV8xMTk1Nl9IRC1zY2FsZWQuanBnIiwic2xpZGVzaG93IjoiMTA4YTcxMiJ9\">\n\t\t\t\t\t<div class=\"e-gallery-image elementor-gallery-item__image\" data-thumbnail=\"https:\/\/mmi-tarbes.fr\/KellyPortfolio\/wp-content\/uploads\/2025\/06\/CD65_11956_HD-300x200.jpg\" data-width=\"300\" data-height=\"200\" aria-label=\"\" role=\"img\" ><\/div>\n\t\t\t\t\t\t\t\t\t\t\t<div class=\"elementor-gallery-item__overlay\"><\/div>\n\t\t\t\t\t\t\t\t\t\t\t\t\t\t<\/a>\n\t\t\t\t\t\t\t<a class=\"e-gallery-item elementor-gallery-item elementor-animated-content\" href=\"https:\/\/mmi-tarbes.fr\/KellyPortfolio\/wp-content\/uploads\/2025\/06\/CD65_11535_HD-scaled.jpg\" data-elementor-open-lightbox=\"yes\" data-elementor-lightbox-slideshow=\"108a712\" data-elementor-lightbox-title=\"Fete des troisiemes au Departement\" data-e-action-hash=\"#elementor-action%3Aaction%3Dlightbox%26settings%3DeyJpZCI6MTE5NCwidXJsIjoiaHR0cHM6XC9cL21taS10YXJiZXMuZnJcL0tlbGx5UG9ydGZvbGlvXC93cC1jb250ZW50XC91cGxvYWRzXC8yMDI1XC8wNlwvQ0Q2NV8xMTUzNV9IRC1zY2FsZWQuanBnIiwic2xpZGVzaG93IjoiMTA4YTcxMiJ9\">\n\t\t\t\t\t<div class=\"e-gallery-image elementor-gallery-item__image\" data-thumbnail=\"https:\/\/mmi-tarbes.fr\/KellyPortfolio\/wp-content\/uploads\/2025\/06\/CD65_11535_HD-300x200.jpg\" data-width=\"300\" data-height=\"200\" aria-label=\"\" role=\"img\" ><\/div>\n\t\t\t\t\t\t\t\t\t\t\t<div class=\"elementor-gallery-item__overlay\"><\/div>\n\t\t\t\t\t\t\t\t\t\t\t\t\t\t<\/a>\n\t\t\t\t\t\t\t<a class=\"e-gallery-item elementor-gallery-item elementor-animated-content\" href=\"https:\/\/mmi-tarbes.fr\/KellyPortfolio\/wp-content\/uploads\/2025\/06\/CD65_11433_HD-scaled.jpg\" data-elementor-open-lightbox=\"yes\" data-elementor-lightbox-slideshow=\"108a712\" data-elementor-lightbox-title=\"Assemblee du 28 mars : compte administratif 2024 et budget primitif 2025.\" data-e-action-hash=\"#elementor-action%3Aaction%3Dlightbox%26settings%3DeyJpZCI6MTE4NywidXJsIjoiaHR0cHM6XC9cL21taS10YXJiZXMuZnJcL0tlbGx5UG9ydGZvbGlvXC93cC1jb250ZW50XC91cGxvYWRzXC8yMDI1XC8wNlwvQ0Q2NV8xMTQzM19IRC1zY2FsZWQuanBnIiwic2xpZGVzaG93IjoiMTA4YTcxMiJ9\">\n\t\t\t\t\t<div class=\"e-gallery-image elementor-gallery-item__image\" data-thumbnail=\"https:\/\/mmi-tarbes.fr\/KellyPortfolio\/wp-content\/uploads\/2025\/06\/CD65_11433_HD-300x200.jpg\" data-width=\"300\" data-height=\"200\" aria-label=\"\" role=\"img\" ><\/div>\n\t\t\t\t\t\t\t\t\t\t\t<div class=\"elementor-gallery-item__overlay\"><\/div>\n\t\t\t\t\t\t\t\t\t\t\t\t\t\t<\/a>\n\t\t\t\t\t\t\t<a class=\"e-gallery-item elementor-gallery-item elementor-animated-content\" href=\"https:\/\/mmi-tarbes.fr\/KellyPortfolio\/wp-content\/uploads\/2025\/06\/CD65_11946_HD-scaled.jpg\" data-elementor-open-lightbox=\"yes\" data-elementor-lightbox-slideshow=\"108a712\" data-elementor-lightbox-title=\"Abbaye de l&#039;Escaladieu - Salle capitulaire\" data-e-action-hash=\"#elementor-action%3Aaction%3Dlightbox%26settings%3DeyJpZCI6MTIxNywidXJsIjoiaHR0cHM6XC9cL21taS10YXJiZXMuZnJcL0tlbGx5UG9ydGZvbGlvXC93cC1jb250ZW50XC91cGxvYWRzXC8yMDI1XC8wNlwvQ0Q2NV8xMTk0Nl9IRC1zY2FsZWQuanBnIiwic2xpZGVzaG93IjoiMTA4YTcxMiJ9\">\n\t\t\t\t\t<div class=\"e-gallery-image elementor-gallery-item__image\" data-thumbnail=\"https:\/\/mmi-tarbes.fr\/KellyPortfolio\/wp-content\/uploads\/2025\/06\/CD65_11946_HD-300x200.jpg\" data-width=\"300\" data-height=\"200\" aria-label=\"\" role=\"img\" ><\/div>\n\t\t\t\t\t\t\t\t\t\t\t<div class=\"elementor-gallery-item__overlay\"><\/div>\n\t\t\t\t\t\t\t\t\t\t\t\t\t\t<\/a>\n\t\t\t\t\t\t\t<a class=\"e-gallery-item elementor-gallery-item elementor-animated-content\" href=\"https:\/\/mmi-tarbes.fr\/KellyPortfolio\/wp-content\/uploads\/2025\/06\/CD65_11826_HD-scaled.jpg\" data-elementor-open-lightbox=\"yes\" data-elementor-lightbox-slideshow=\"108a712\" data-elementor-lightbox-title=\"Abbaye de l&#039;Escaladieu\" data-e-action-hash=\"#elementor-action%3Aaction%3Dlightbox%26settings%3DeyJpZCI6MTIwNSwidXJsIjoiaHR0cHM6XC9cL21taS10YXJiZXMuZnJcL0tlbGx5UG9ydGZvbGlvXC93cC1jb250ZW50XC91cGxvYWRzXC8yMDI1XC8wNlwvQ0Q2NV8xMTgyNl9IRC1zY2FsZWQuanBnIiwic2xpZGVzaG93IjoiMTA4YTcxMiJ9\">\n\t\t\t\t\t<div class=\"e-gallery-image elementor-gallery-item__image\" data-thumbnail=\"https:\/\/mmi-tarbes.fr\/KellyPortfolio\/wp-content\/uploads\/2025\/06\/CD65_11826_HD-200x300.jpg\" data-width=\"200\" data-height=\"300\" aria-label=\"\" role=\"img\" ><\/div>\n\t\t\t\t\t\t\t\t\t\t\t<div class=\"elementor-gallery-item__overlay\"><\/div>\n\t\t\t\t\t\t\t\t\t\t\t\t\t\t<\/a>\n\t\t\t\t\t\t\t<a class=\"e-gallery-item elementor-gallery-item elementor-animated-content\" href=\"https:\/\/mmi-tarbes.fr\/KellyPortfolio\/wp-content\/uploads\/2025\/06\/CD65_11797_HD-scaled.jpg\" data-elementor-open-lightbox=\"yes\" data-elementor-lightbox-slideshow=\"108a712\" data-elementor-lightbox-title=\"Ensauvagement, Camille Bellot et Francois Pottier\" data-e-action-hash=\"#elementor-action%3Aaction%3Dlightbox%26settings%3DeyJpZCI6MTE5NywidXJsIjoiaHR0cHM6XC9cL21taS10YXJiZXMuZnJcL0tlbGx5UG9ydGZvbGlvXC93cC1jb250ZW50XC91cGxvYWRzXC8yMDI1XC8wNlwvQ0Q2NV8xMTc5N19IRC1zY2FsZWQuanBnIiwic2xpZGVzaG93IjoiMTA4YTcxMiJ9\">\n\t\t\t\t\t<div class=\"e-gallery-image elementor-gallery-item__image\" data-thumbnail=\"https:\/\/mmi-tarbes.fr\/KellyPortfolio\/wp-content\/uploads\/2025\/06\/CD65_11797_HD-300x200.jpg\" data-width=\"300\" data-height=\"200\" aria-label=\"\" role=\"img\" ><\/div>\n\t\t\t\t\t\t\t\t\t\t\t<div class=\"elementor-gallery-item__overlay\"><\/div>\n\t\t\t\t\t\t\t\t\t\t\t\t\t\t<\/a>\n\t\t\t\t\t\t\t<a class=\"e-gallery-item elementor-gallery-item elementor-animated-content\" href=\"https:\/\/mmi-tarbes.fr\/KellyPortfolio\/wp-content\/uploads\/2025\/06\/CD65_11551_HD-scaled.jpg\" data-elementor-open-lightbox=\"yes\" data-elementor-lightbox-slideshow=\"108a712\" data-elementor-lightbox-title=\"Fete des troisiemes au Departement\" data-e-action-hash=\"#elementor-action%3Aaction%3Dlightbox%26settings%3DeyJpZCI6MTE5NSwidXJsIjoiaHR0cHM6XC9cL21taS10YXJiZXMuZnJcL0tlbGx5UG9ydGZvbGlvXC93cC1jb250ZW50XC91cGxvYWRzXC8yMDI1XC8wNlwvQ0Q2NV8xMTU1MV9IRC1zY2FsZWQuanBnIiwic2xpZGVzaG93IjoiMTA4YTcxMiJ9\">\n\t\t\t\t\t<div class=\"e-gallery-image elementor-gallery-item__image\" data-thumbnail=\"https:\/\/mmi-tarbes.fr\/KellyPortfolio\/wp-content\/uploads\/2025\/06\/CD65_11551_HD-300x200.jpg\" data-width=\"300\" data-height=\"200\" aria-label=\"\" role=\"img\" ><\/div>\n\t\t\t\t\t\t\t\t\t\t\t<div class=\"elementor-gallery-item__overlay\"><\/div>\n\t\t\t\t\t\t\t\t\t\t\t\t\t\t<\/a>\n\t\t\t\t\t\t\t<a class=\"e-gallery-item elementor-gallery-item elementor-animated-content\" href=\"https:\/\/mmi-tarbes.fr\/KellyPortfolio\/wp-content\/uploads\/2025\/01\/CD65_08498_WEB.jpg\" data-elementor-open-lightbox=\"yes\" data-elementor-lightbox-slideshow=\"108a712\" data-elementor-lightbox-title=\"Congres sante Le printemps de la CPTS\" data-e-action-hash=\"#elementor-action%3Aaction%3Dlightbox%26settings%3DeyJpZCI6NTcyLCJ1cmwiOiJodHRwczpcL1wvbW1pLXRhcmJlcy5mclwvS2VsbHlQb3J0Zm9saW9cL3dwLWNvbnRlbnRcL3VwbG9hZHNcLzIwMjVcLzAxXC9DRDY1XzA4NDk4X1dFQi5qcGciLCJzbGlkZXNob3ciOiIxMDhhNzEyIn0%3D\">\n\t\t\t\t\t<div class=\"e-gallery-image elementor-gallery-item__image\" data-thumbnail=\"https:\/\/mmi-tarbes.fr\/KellyPortfolio\/wp-content\/uploads\/2025\/01\/CD65_08498_WEB-300x200.jpg\" data-width=\"300\" data-height=\"200\" aria-label=\"\" role=\"img\" ><\/div>\n\t\t\t\t\t\t\t\t\t\t\t<div class=\"elementor-gallery-item__overlay\"><\/div>\n\t\t\t\t\t\t\t\t\t\t\t\t\t\t<\/a>\n\t\t\t\t\t\t\t<a class=\"e-gallery-item elementor-gallery-item elementor-animated-content\" href=\"https:\/\/mmi-tarbes.fr\/KellyPortfolio\/wp-content\/uploads\/2025\/01\/CD65_10416_WEB.jpg\" data-elementor-open-lightbox=\"yes\" data-elementor-lightbox-slideshow=\"108a712\" data-elementor-lightbox-title=\"Grange dans la montee du col du Soulor\" data-e-action-hash=\"#elementor-action%3Aaction%3Dlightbox%26settings%3DeyJpZCI6NTY4LCJ1cmwiOiJodHRwczpcL1wvbW1pLXRhcmJlcy5mclwvS2VsbHlQb3J0Zm9saW9cL3dwLWNvbnRlbnRcL3VwbG9hZHNcLzIwMjVcLzAxXC9DRDY1XzEwNDE2X1dFQi5qcGciLCJzbGlkZXNob3ciOiIxMDhhNzEyIn0%3D\">\n\t\t\t\t\t<div class=\"e-gallery-image elementor-gallery-item__image\" data-thumbnail=\"https:\/\/mmi-tarbes.fr\/KellyPortfolio\/wp-content\/uploads\/2025\/01\/CD65_10416_WEB-300x200.jpg\" data-width=\"300\" data-height=\"200\" aria-label=\"\" role=\"img\" ><\/div>\n\t\t\t\t\t\t\t\t\t\t\t<div class=\"elementor-gallery-item__overlay\"><\/div>\n\t\t\t\t\t\t\t\t\t\t\t\t\t\t<\/a>\n\t\t\t\t\t\t\t<a class=\"e-gallery-item elementor-gallery-item elementor-animated-content\" href=\"https:\/\/mmi-tarbes.fr\/KellyPortfolio\/wp-content\/uploads\/2025\/06\/CD65_11436_HD-scaled.jpg\" data-elementor-open-lightbox=\"yes\" data-elementor-lightbox-slideshow=\"108a712\" data-elementor-lightbox-title=\"Assemblee du 28 mars : compte administratif 2024 et budget primitif 2025.\" data-e-action-hash=\"#elementor-action%3Aaction%3Dlightbox%26settings%3DeyJpZCI6MTE4OSwidXJsIjoiaHR0cHM6XC9cL21taS10YXJiZXMuZnJcL0tlbGx5UG9ydGZvbGlvXC93cC1jb250ZW50XC91cGxvYWRzXC8yMDI1XC8wNlwvQ0Q2NV8xMTQzNl9IRC1zY2FsZWQuanBnIiwic2xpZGVzaG93IjoiMTA4YTcxMiJ9\">\n\t\t\t\t\t<div class=\"e-gallery-image elementor-gallery-item__image\" data-thumbnail=\"https:\/\/mmi-tarbes.fr\/KellyPortfolio\/wp-content\/uploads\/2025\/06\/CD65_11436_HD-300x200.jpg\" data-width=\"300\" data-height=\"200\" aria-label=\"\" role=\"img\" ><\/div>\n\t\t\t\t\t\t\t\t\t\t\t<div class=\"elementor-gallery-item__overlay\"><\/div>\n\t\t\t\t\t\t\t\t\t\t\t\t\t\t<\/a>\n\t\t\t\t\t\t\t<a class=\"e-gallery-item elementor-gallery-item elementor-animated-content\" href=\"https:\/\/mmi-tarbes.fr\/KellyPortfolio\/wp-content\/uploads\/2025\/06\/CD65_11293_HD-scaled.jpg\" data-elementor-open-lightbox=\"yes\" data-elementor-lightbox-slideshow=\"108a712\" data-elementor-lightbox-title=\"Installation de l&#039;oeuvre aux nouvelles archives departementales Eugene Tenot\" data-e-action-hash=\"#elementor-action%3Aaction%3Dlightbox%26settings%3DeyJpZCI6MTE4MywidXJsIjoiaHR0cHM6XC9cL21taS10YXJiZXMuZnJcL0tlbGx5UG9ydGZvbGlvXC93cC1jb250ZW50XC91cGxvYWRzXC8yMDI1XC8wNlwvQ0Q2NV8xMTI5M19IRC1zY2FsZWQuanBnIiwic2xpZGVzaG93IjoiMTA4YTcxMiJ9\">\n\t\t\t\t\t<div class=\"e-gallery-image elementor-gallery-item__image\" data-thumbnail=\"https:\/\/mmi-tarbes.fr\/KellyPortfolio\/wp-content\/uploads\/2025\/06\/CD65_11293_HD-200x300.jpg\" data-width=\"200\" data-height=\"300\" aria-label=\"\" role=\"img\" ><\/div>\n\t\t\t\t\t\t\t\t\t\t\t<div class=\"elementor-gallery-item__overlay\"><\/div>\n\t\t\t\t\t\t\t\t\t\t\t\t\t\t<\/a>\n\t\t\t\t\t\t\t<a class=\"e-gallery-item elementor-gallery-item elementor-animated-content\" href=\"https:\/\/mmi-tarbes.fr\/KellyPortfolio\/wp-content\/uploads\/2025\/06\/CD65_11275_HD-scaled.jpg\" data-elementor-open-lightbox=\"yes\" data-elementor-lightbox-slideshow=\"108a712\" data-elementor-lightbox-title=\"Installation de l&#039;oeuvre aux nouvelles archives departementales Eugene Tenot\" data-e-action-hash=\"#elementor-action%3Aaction%3Dlightbox%26settings%3DeyJpZCI6MTE4MSwidXJsIjoiaHR0cHM6XC9cL21taS10YXJiZXMuZnJcL0tlbGx5UG9ydGZvbGlvXC93cC1jb250ZW50XC91cGxvYWRzXC8yMDI1XC8wNlwvQ0Q2NV8xMTI3NV9IRC1zY2FsZWQuanBnIiwic2xpZGVzaG93IjoiMTA4YTcxMiJ9\">\n\t\t\t\t\t<div class=\"e-gallery-image elementor-gallery-item__image\" data-thumbnail=\"https:\/\/mmi-tarbes.fr\/KellyPortfolio\/wp-content\/uploads\/2025\/06\/CD65_11275_HD-200x300.jpg\" data-width=\"200\" data-height=\"300\" aria-label=\"\" role=\"img\" ><\/div>\n\t\t\t\t\t\t\t\t\t\t\t<div class=\"elementor-gallery-item__overlay\"><\/div>\n\t\t\t\t\t\t\t\t\t\t\t\t\t\t<\/a>\n\t\t\t\t\t\t\t<a class=\"e-gallery-item elementor-gallery-item elementor-animated-content\" href=\"https:\/\/mmi-tarbes.fr\/KellyPortfolio\/wp-content\/uploads\/2025\/06\/CD65_11962_HD-scaled.jpg\" data-elementor-open-lightbox=\"yes\" data-elementor-lightbox-slideshow=\"108a712\" data-elementor-lightbox-title=\"Abbaye de l&#039;Escaladieu - Salle capitulaire\" data-e-action-hash=\"#elementor-action%3Aaction%3Dlightbox%26settings%3DeyJpZCI6MTIyMywidXJsIjoiaHR0cHM6XC9cL21taS10YXJiZXMuZnJcL0tlbGx5UG9ydGZvbGlvXC93cC1jb250ZW50XC91cGxvYWRzXC8yMDI1XC8wNlwvQ0Q2NV8xMTk2Ml9IRC1zY2FsZWQuanBnIiwic2xpZGVzaG93IjoiMTA4YTcxMiJ9\">\n\t\t\t\t\t<div class=\"e-gallery-image elementor-gallery-item__image\" data-thumbnail=\"https:\/\/mmi-tarbes.fr\/KellyPortfolio\/wp-content\/uploads\/2025\/06\/CD65_11962_HD-300x200.jpg\" data-width=\"300\" data-height=\"200\" aria-label=\"\" role=\"img\" ><\/div>\n\t\t\t\t\t\t\t\t\t\t\t<div class=\"elementor-gallery-item__overlay\"><\/div>\n\t\t\t\t\t\t\t\t\t\t\t\t\t\t<\/a>\n\t\t\t\t\t\t\t<a class=\"e-gallery-item elementor-gallery-item elementor-animated-content\" href=\"https:\/\/mmi-tarbes.fr\/KellyPortfolio\/wp-content\/uploads\/2025\/06\/CD65_11951_HD-scaled.jpg\" data-elementor-open-lightbox=\"yes\" data-elementor-lightbox-slideshow=\"108a712\" data-elementor-lightbox-title=\"Abbaye de l&#039;Escaladieu - Salle capitulaire\" data-e-action-hash=\"#elementor-action%3Aaction%3Dlightbox%26settings%3DeyJpZCI6MTIxOSwidXJsIjoiaHR0cHM6XC9cL21taS10YXJiZXMuZnJcL0tlbGx5UG9ydGZvbGlvXC93cC1jb250ZW50XC91cGxvYWRzXC8yMDI1XC8wNlwvQ0Q2NV8xMTk1MV9IRC1zY2FsZWQuanBnIiwic2xpZGVzaG93IjoiMTA4YTcxMiJ9\">\n\t\t\t\t\t<div class=\"e-gallery-image elementor-gallery-item__image\" data-thumbnail=\"https:\/\/mmi-tarbes.fr\/KellyPortfolio\/wp-content\/uploads\/2025\/06\/CD65_11951_HD-300x200.jpg\" data-width=\"300\" data-height=\"200\" aria-label=\"\" role=\"img\" ><\/div>\n\t\t\t\t\t\t\t\t\t\t\t<div class=\"elementor-gallery-item__overlay\"><\/div>\n\t\t\t\t\t\t\t\t\t\t\t\t\t\t<\/a>\n\t\t\t\t\t\t\t<a class=\"e-gallery-item elementor-gallery-item elementor-animated-content\" href=\"https:\/\/mmi-tarbes.fr\/KellyPortfolio\/wp-content\/uploads\/2025\/06\/CD65_11971_HD-scaled.jpg\" data-elementor-open-lightbox=\"yes\" data-elementor-lightbox-slideshow=\"108a712\" data-elementor-lightbox-title=\"Abbaye de l&#039;Escaladieu - Salle capitulaire\" data-e-action-hash=\"#elementor-action%3Aaction%3Dlightbox%26settings%3DeyJpZCI6MTIyNywidXJsIjoiaHR0cHM6XC9cL21taS10YXJiZXMuZnJcL0tlbGx5UG9ydGZvbGlvXC93cC1jb250ZW50XC91cGxvYWRzXC8yMDI1XC8wNlwvQ0Q2NV8xMTk3MV9IRC1zY2FsZWQuanBnIiwic2xpZGVzaG93IjoiMTA4YTcxMiJ9\">\n\t\t\t\t\t<div class=\"e-gallery-image elementor-gallery-item__image\" data-thumbnail=\"https:\/\/mmi-tarbes.fr\/KellyPortfolio\/wp-content\/uploads\/2025\/06\/CD65_11971_HD-200x300.jpg\" data-width=\"200\" data-height=\"300\" aria-label=\"\" role=\"img\" ><\/div>\n\t\t\t\t\t\t\t\t\t\t\t<div class=\"elementor-gallery-item__overlay\"><\/div>\n\t\t\t\t\t\t\t\t\t\t\t\t\t\t<\/a>\n\t\t\t\t\t\t\t<a class=\"e-gallery-item elementor-gallery-item elementor-animated-content\" href=\"https:\/\/mmi-tarbes.fr\/KellyPortfolio\/wp-content\/uploads\/2025\/06\/CD65_11296_HD-scaled.jpg\" data-elementor-open-lightbox=\"yes\" data-elementor-lightbox-slideshow=\"108a712\" data-elementor-lightbox-title=\"Archives departementales Eugene Tenot\" data-e-action-hash=\"#elementor-action%3Aaction%3Dlightbox%26settings%3DeyJpZCI6MTE4NSwidXJsIjoiaHR0cHM6XC9cL21taS10YXJiZXMuZnJcL0tlbGx5UG9ydGZvbGlvXC93cC1jb250ZW50XC91cGxvYWRzXC8yMDI1XC8wNlwvQ0Q2NV8xMTI5Nl9IRC1zY2FsZWQuanBnIiwic2xpZGVzaG93IjoiMTA4YTcxMiJ9\">\n\t\t\t\t\t<div class=\"e-gallery-image elementor-gallery-item__image\" data-thumbnail=\"https:\/\/mmi-tarbes.fr\/KellyPortfolio\/wp-content\/uploads\/2025\/06\/CD65_11296_HD-300x200.jpg\" data-width=\"300\" data-height=\"200\" aria-label=\"\" role=\"img\" ><\/div>\n\t\t\t\t\t\t\t\t\t\t\t<div class=\"elementor-gallery-item__overlay\"><\/div>\n\t\t\t\t\t\t\t\t\t\t\t\t\t\t<\/a>\n\t\t\t\t\t\t\t<a class=\"e-gallery-item elementor-gallery-item elementor-animated-content\" href=\"https:\/\/mmi-tarbes.fr\/KellyPortfolio\/wp-content\/uploads\/2025\/06\/CD65_11835_HD-scaled.jpg\" data-elementor-open-lightbox=\"yes\" data-elementor-lightbox-slideshow=\"108a712\" data-elementor-lightbox-title=\"Abbaye de l&#039;Escaladieu\" data-e-action-hash=\"#elementor-action%3Aaction%3Dlightbox%26settings%3DeyJpZCI6MTIxMCwidXJsIjoiaHR0cHM6XC9cL21taS10YXJiZXMuZnJcL0tlbGx5UG9ydGZvbGlvXC93cC1jb250ZW50XC91cGxvYWRzXC8yMDI1XC8wNlwvQ0Q2NV8xMTgzNV9IRC1zY2FsZWQuanBnIiwic2xpZGVzaG93IjoiMTA4YTcxMiJ9\">\n\t\t\t\t\t<div class=\"e-gallery-image elementor-gallery-item__image\" data-thumbnail=\"https:\/\/mmi-tarbes.fr\/KellyPortfolio\/wp-content\/uploads\/2025\/06\/CD65_11835_HD-200x300.jpg\" data-width=\"200\" data-height=\"300\" aria-label=\"\" role=\"img\" ><\/div>\n\t\t\t\t\t\t\t\t\t\t\t<div class=\"elementor-gallery-item__overlay\"><\/div>\n\t\t\t\t\t\t\t\t\t\t\t\t\t\t<\/a>\n\t\t\t\t\t\t\t<a class=\"e-gallery-item elementor-gallery-item elementor-animated-content\" href=\"https:\/\/mmi-tarbes.fr\/KellyPortfolio\/wp-content\/uploads\/2025\/06\/CD65_11985_HD-scaled.jpg\" data-elementor-open-lightbox=\"yes\" data-elementor-lightbox-slideshow=\"108a712\" data-elementor-lightbox-title=\"Abbaye de l&#039;Escaladieu exterieurs\" data-e-action-hash=\"#elementor-action%3Aaction%3Dlightbox%26settings%3DeyJpZCI6MTIzMiwidXJsIjoiaHR0cHM6XC9cL21taS10YXJiZXMuZnJcL0tlbGx5UG9ydGZvbGlvXC93cC1jb250ZW50XC91cGxvYWRzXC8yMDI1XC8wNlwvQ0Q2NV8xMTk4NV9IRC1zY2FsZWQuanBnIiwic2xpZGVzaG93IjoiMTA4YTcxMiJ9\">\n\t\t\t\t\t<div class=\"e-gallery-image elementor-gallery-item__image\" data-thumbnail=\"https:\/\/mmi-tarbes.fr\/KellyPortfolio\/wp-content\/uploads\/2025\/06\/CD65_11985_HD-300x200.jpg\" data-width=\"300\" data-height=\"200\" aria-label=\"\" role=\"img\" ><\/div>\n\t\t\t\t\t\t\t\t\t\t\t<div class=\"elementor-gallery-item__overlay\"><\/div>\n\t\t\t\t\t\t\t\t\t\t\t\t\t\t<\/a>\n\t\t\t\t\t\t\t<a class=\"e-gallery-item elementor-gallery-item elementor-animated-content\" href=\"https:\/\/mmi-tarbes.fr\/KellyPortfolio\/wp-content\/uploads\/2025\/06\/CD65_11811_HD-scaled.jpg\" data-elementor-open-lightbox=\"yes\" data-elementor-lightbox-slideshow=\"108a712\" data-elementor-lightbox-title=\"Abbaye de l&#039;Escaladieu\" data-e-action-hash=\"#elementor-action%3Aaction%3Dlightbox%26settings%3DeyJpZCI6MTIwMSwidXJsIjoiaHR0cHM6XC9cL21taS10YXJiZXMuZnJcL0tlbGx5UG9ydGZvbGlvXC93cC1jb250ZW50XC91cGxvYWRzXC8yMDI1XC8wNlwvQ0Q2NV8xMTgxMV9IRC1zY2FsZWQuanBnIiwic2xpZGVzaG93IjoiMTA4YTcxMiJ9\">\n\t\t\t\t\t<div class=\"e-gallery-image elementor-gallery-item__image\" data-thumbnail=\"https:\/\/mmi-tarbes.fr\/KellyPortfolio\/wp-content\/uploads\/2025\/06\/CD65_11811_HD-300x200.jpg\" data-width=\"300\" data-height=\"200\" aria-label=\"\" role=\"img\" ><\/div>\n\t\t\t\t\t\t\t\t\t\t\t<div class=\"elementor-gallery-item__overlay\"><\/div>\n\t\t\t\t\t\t\t\t\t\t\t\t\t\t<\/a>\n\t\t\t\t\t\t\t<a class=\"e-gallery-item elementor-gallery-item elementor-animated-content\" href=\"https:\/\/mmi-tarbes.fr\/KellyPortfolio\/wp-content\/uploads\/2025\/06\/CD65_11945_HD-scaled.jpg\" data-elementor-open-lightbox=\"yes\" data-elementor-lightbox-slideshow=\"108a712\" data-elementor-lightbox-title=\"Abbaye de l&#039;Escaladieu - Vitrail\" data-e-action-hash=\"#elementor-action%3Aaction%3Dlightbox%26settings%3DeyJpZCI6MTIxNiwidXJsIjoiaHR0cHM6XC9cL21taS10YXJiZXMuZnJcL0tlbGx5UG9ydGZvbGlvXC93cC1jb250ZW50XC91cGxvYWRzXC8yMDI1XC8wNlwvQ0Q2NV8xMTk0NV9IRC1zY2FsZWQuanBnIiwic2xpZGVzaG93IjoiMTA4YTcxMiJ9\">\n\t\t\t\t\t<div class=\"e-gallery-image elementor-gallery-item__image\" data-thumbnail=\"https:\/\/mmi-tarbes.fr\/KellyPortfolio\/wp-content\/uploads\/2025\/06\/CD65_11945_HD-200x300.jpg\" data-width=\"200\" data-height=\"300\" aria-label=\"\" role=\"img\" ><\/div>\n\t\t\t\t\t\t\t\t\t\t\t<div class=\"elementor-gallery-item__overlay\"><\/div>\n\t\t\t\t\t\t\t\t\t\t\t\t\t\t<\/a>\n\t\t\t\t\t\t\t<a class=\"e-gallery-item elementor-gallery-item elementor-animated-content\" href=\"https:\/\/mmi-tarbes.fr\/KellyPortfolio\/wp-content\/uploads\/2025\/06\/CD65_11820_HD-scaled.jpg\" data-elementor-open-lightbox=\"yes\" data-elementor-lightbox-slideshow=\"108a712\" data-elementor-lightbox-title=\"Abbaye de l&#039;Escaladieu\" data-e-action-hash=\"#elementor-action%3Aaction%3Dlightbox%26settings%3DeyJpZCI6MTIwMywidXJsIjoiaHR0cHM6XC9cL21taS10YXJiZXMuZnJcL0tlbGx5UG9ydGZvbGlvXC93cC1jb250ZW50XC91cGxvYWRzXC8yMDI1XC8wNlwvQ0Q2NV8xMTgyMF9IRC1zY2FsZWQuanBnIiwic2xpZGVzaG93IjoiMTA4YTcxMiJ9\">\n\t\t\t\t\t<div class=\"e-gallery-image elementor-gallery-item__image\" data-thumbnail=\"https:\/\/mmi-tarbes.fr\/KellyPortfolio\/wp-content\/uploads\/2025\/06\/CD65_11820_HD-200x300.jpg\" data-width=\"200\" data-height=\"300\" aria-label=\"\" role=\"img\" ><\/div>\n\t\t\t\t\t\t\t\t\t\t\t<div class=\"elementor-gallery-item__overlay\"><\/div>\n\t\t\t\t\t\t\t\t\t\t\t\t\t\t<\/a>\n\t\t\t\t\t\t\t<a class=\"e-gallery-item elementor-gallery-item elementor-animated-content\" href=\"https:\/\/mmi-tarbes.fr\/KellyPortfolio\/wp-content\/uploads\/2025\/01\/CD65_10415_WEB.jpg\" data-elementor-open-lightbox=\"yes\" data-elementor-lightbox-slideshow=\"108a712\" data-elementor-lightbox-title=\"Site de Pouey Laun - Arrens-Marsous\" data-e-action-hash=\"#elementor-action%3Aaction%3Dlightbox%26settings%3DeyJpZCI6NTY3LCJ1cmwiOiJodHRwczpcL1wvbW1pLXRhcmJlcy5mclwvS2VsbHlQb3J0Zm9saW9cL3dwLWNvbnRlbnRcL3VwbG9hZHNcLzIwMjVcLzAxXC9DRDY1XzEwNDE1X1dFQi5qcGciLCJzbGlkZXNob3ciOiIxMDhhNzEyIn0%3D\">\n\t\t\t\t\t<div class=\"e-gallery-image elementor-gallery-item__image\" data-thumbnail=\"https:\/\/mmi-tarbes.fr\/KellyPortfolio\/wp-content\/uploads\/2025\/01\/CD65_10415_WEB-300x200.jpg\" data-width=\"300\" data-height=\"200\" aria-label=\"\" role=\"img\" ><\/div>\n\t\t\t\t\t\t\t\t\t\t\t<div class=\"elementor-gallery-item__overlay\"><\/div>\n\t\t\t\t\t\t\t\t\t\t\t\t\t\t<\/a>\n\t\t\t\t\t\t\t<a class=\"e-gallery-item elementor-gallery-item elementor-animated-content\" href=\"https:\/\/mmi-tarbes.fr\/KellyPortfolio\/wp-content\/uploads\/2025\/06\/CD65_11799_HD-scaled.jpg\" data-elementor-open-lightbox=\"yes\" data-elementor-lightbox-slideshow=\"108a712\" data-elementor-lightbox-title=\"Ensauvagement, Camille Bellot et Francois Pottier\" data-e-action-hash=\"#elementor-action%3Aaction%3Dlightbox%26settings%3DeyJpZCI6MTE5OCwidXJsIjoiaHR0cHM6XC9cL21taS10YXJiZXMuZnJcL0tlbGx5UG9ydGZvbGlvXC93cC1jb250ZW50XC91cGxvYWRzXC8yMDI1XC8wNlwvQ0Q2NV8xMTc5OV9IRC1zY2FsZWQuanBnIiwic2xpZGVzaG93IjoiMTA4YTcxMiJ9\">\n\t\t\t\t\t<div class=\"e-gallery-image elementor-gallery-item__image\" data-thumbnail=\"https:\/\/mmi-tarbes.fr\/KellyPortfolio\/wp-content\/uploads\/2025\/06\/CD65_11799_HD-300x200.jpg\" data-width=\"300\" data-height=\"200\" aria-label=\"\" role=\"img\" ><\/div>\n\t\t\t\t\t\t\t\t\t\t\t<div class=\"elementor-gallery-item__overlay\"><\/div>\n\t\t\t\t\t\t\t\t\t\t\t\t\t\t<\/a>\n\t\t\t\t\t\t\t<a class=\"e-gallery-item elementor-gallery-item elementor-animated-content\" href=\"https:\/\/mmi-tarbes.fr\/KellyPortfolio\/wp-content\/uploads\/2025\/01\/CD65_08343_WEB.jpg\" data-elementor-open-lightbox=\"yes\" data-elementor-lightbox-slideshow=\"108a712\" data-elementor-lightbox-title=\"CD65_08343_WEB\" data-e-action-hash=\"#elementor-action%3Aaction%3Dlightbox%26settings%3DeyJpZCI6NTY5LCJ1cmwiOiJodHRwczpcL1wvbW1pLXRhcmJlcy5mclwvS2VsbHlQb3J0Zm9saW9cL3dwLWNvbnRlbnRcL3VwbG9hZHNcLzIwMjVcLzAxXC9DRDY1XzA4MzQzX1dFQi5qcGciLCJzbGlkZXNob3ciOiIxMDhhNzEyIn0%3D\">\n\t\t\t\t\t<div class=\"e-gallery-image elementor-gallery-item__image\" data-thumbnail=\"https:\/\/mmi-tarbes.fr\/KellyPortfolio\/wp-content\/uploads\/2025\/01\/CD65_08343_WEB-200x300.jpg\" data-width=\"200\" data-height=\"300\" aria-label=\"\" role=\"img\" ><\/div>\n\t\t\t\t\t\t\t\t\t\t\t<div class=\"elementor-gallery-item__overlay\"><\/div>\n\t\t\t\t\t\t\t\t\t\t\t\t\t\t<\/a>\n\t\t\t\t\t\t\t<a class=\"e-gallery-item elementor-gallery-item elementor-animated-content\" href=\"https:\/\/mmi-tarbes.fr\/KellyPortfolio\/wp-content\/uploads\/2025\/06\/CD65_11986_HD-scaled.jpg\" data-elementor-open-lightbox=\"yes\" data-elementor-lightbox-slideshow=\"108a712\" data-elementor-lightbox-title=\"CD65_11986_HD\" data-e-action-hash=\"#elementor-action%3Aaction%3Dlightbox%26settings%3DeyJpZCI6MTIzMywidXJsIjoiaHR0cHM6XC9cL21taS10YXJiZXMuZnJcL0tlbGx5UG9ydGZvbGlvXC93cC1jb250ZW50XC91cGxvYWRzXC8yMDI1XC8wNlwvQ0Q2NV8xMTk4Nl9IRC1zY2FsZWQuanBnIiwic2xpZGVzaG93IjoiMTA4YTcxMiJ9\">\n\t\t\t\t\t<div class=\"e-gallery-image elementor-gallery-item__image\" data-thumbnail=\"https:\/\/mmi-tarbes.fr\/KellyPortfolio\/wp-content\/uploads\/2025\/06\/CD65_11986_HD-200x300.jpg\" data-width=\"200\" data-height=\"300\" aria-label=\"\" role=\"img\" ><\/div>\n\t\t\t\t\t\t\t\t\t\t\t<div class=\"elementor-gallery-item__overlay\"><\/div>\n\t\t\t\t\t\t\t\t\t\t\t\t\t\t<\/a>\n\t\t\t\t\t<\/div>\n\t\t\t\t\t<\/div>\n\t\t\t\t<\/div>\n\t\t\t\t\t<\/div>\n\t\t\t\t<\/div>\n\t\t\t\t<\/div>\n\t\t","protected":false},"excerpt":{"rendered":"<p>Les photos de la collectivit\u00e9 Lors de mon stage et de mon alternance au D\u00e9partement des Hautes-Pyr\u00e9n\u00e9es, j&rsquo;ai appris les bases de la photographie et j&rsquo;ai pu me d\u00e9placer lors de plusieurs \u00e9v\u00e9nements. Comp\u00e9tences acquises : cadrage, retouche photos (Lightroom)Appareil photo : Canon 40D, Sony \u03b17\u00a0IV, Sony \u03b17 CII<\/p>\n","protected":false},"author":1,"featured_media":575,"comment_status":"closed","ping_status":"open","sticky":false,"template":"","format":"standard","meta":{"footnotes":""},"categories":[9],"tags":[],"class_list":["post-721","post","type-post","status-publish","format-standard","has-post-thumbnail","hentry","category-photos"],"_links":{"self":[{"href":"https:\/\/mmi-tarbes.fr\/KellyPortfolio\/wp-json\/wp\/v2\/posts\/721","targetHints":{"allow":["GET"]}}],"collection":[{"href":"https:\/\/mmi-tarbes.fr\/KellyPortfolio\/wp-json\/wp\/v2\/posts"}],"about":[{"href":"https:\/\/mmi-tarbes.fr\/KellyPortfolio\/wp-json\/wp\/v2\/types\/post"}],"author":[{"embeddable":true,"href":"https:\/\/mmi-tarbes.fr\/KellyPortfolio\/wp-json\/wp\/v2\/users\/1"}],"replies":[{"embeddable":true,"href":"https:\/\/mmi-tarbes.fr\/KellyPortfolio\/wp-json\/wp\/v2\/comments?post=721"}],"version-history":[{"count":20,"href":"https:\/\/mmi-tarbes.fr\/KellyPortfolio\/wp-json\/wp\/v2\/posts\/721\/revisions"}],"predecessor-version":[{"id":1236,"href":"https:\/\/mmi-tarbes.fr\/KellyPortfolio\/wp-json\/wp\/v2\/posts\/721\/revisions\/1236"}],"wp:featuredmedia":[{"embeddable":true,"href":"https:\/\/mmi-tarbes.fr\/KellyPortfolio\/wp-json\/wp\/v2\/media\/575"}],"wp:attachment":[{"href":"https:\/\/mmi-tarbes.fr\/KellyPortfolio\/wp-json\/wp\/v2\/media?parent=721"}],"wp:term":[{"taxonomy":"category","embeddable":true,"href":"https:\/\/mmi-tarbes.fr\/KellyPortfolio\/wp-json\/wp\/v2\/categories?post=721"},{"taxonomy":"post_tag","embeddable":true,"href":"https:\/\/mmi-tarbes.fr\/KellyPortfolio\/wp-json\/wp\/v2\/tags?post=721"}],"curies":[{"name":"wp","href":"https:\/\/api.w.org\/{rel}","templated":true}]}}