{"id":1244,"date":"2025-06-15T18:58:11","date_gmt":"2025-06-15T16:58:11","guid":{"rendered":"https:\/\/mmi-tarbes.fr\/KellyPortfolio\/?p=1244"},"modified":"2025-06-15T19:20:30","modified_gmt":"2025-06-15T17:20:30","slug":"rapport-dalternance","status":"publish","type":"post","link":"https:\/\/mmi-tarbes.fr\/KellyPortfolio\/2025\/06\/15\/rapport-dalternance\/","title":{"rendered":"Rapport d&rsquo;alternance"},"content":{"rendered":"\t\t<div data-elementor-type=\"wp-post\" data-elementor-id=\"1244\" class=\"elementor elementor-1244\" data-elementor-post-type=\"post\">\n\t\t\t\t<div class=\"elementor-element elementor-element-335bfd9 e-flex e-con-boxed wpr-particle-no wpr-jarallax-no wpr-parallax-no wpr-sticky-section-no e-con e-parent\" data-id=\"335bfd9\" data-element_type=\"container\" data-e-type=\"container\">\n\t\t\t\t\t<div class=\"e-con-inner\">\n\t\t\t\t<div class=\"elementor-element elementor-element-1b25b1b elementor-widget__width-initial elementor-widget elementor-widget-image\" data-id=\"1b25b1b\" data-element_type=\"widget\" data-e-type=\"widget\" data-widget_type=\"image.default\">\n\t\t\t\t<div class=\"elementor-widget-container\">\n\t\t\t\t\t\t\t\t\t\t\t\t\t\t\t<img fetchpriority=\"high\" decoding=\"async\" width=\"300\" height=\"200\" src=\"https:\/\/mmi-tarbes.fr\/KellyPortfolio\/wp-content\/uploads\/2025\/06\/CD65_10416_HD-300x200.jpg\" class=\"attachment-medium size-medium wp-image-1175\" alt=\"\" srcset=\"https:\/\/mmi-tarbes.fr\/KellyPortfolio\/wp-content\/uploads\/2025\/06\/CD65_10416_HD-300x200.jpg 300w, https:\/\/mmi-tarbes.fr\/KellyPortfolio\/wp-content\/uploads\/2025\/06\/CD65_10416_HD-1024x683.jpg 1024w, https:\/\/mmi-tarbes.fr\/KellyPortfolio\/wp-content\/uploads\/2025\/06\/CD65_10416_HD-768x512.jpg 768w, https:\/\/mmi-tarbes.fr\/KellyPortfolio\/wp-content\/uploads\/2025\/06\/CD65_10416_HD-1536x1024.jpg 1536w, https:\/\/mmi-tarbes.fr\/KellyPortfolio\/wp-content\/uploads\/2025\/06\/CD65_10416_HD-2048x1365.jpg 2048w\" sizes=\"(max-width: 300px) 100vw, 300px\" \/>\t\t\t\t\t\t\t\t\t\t\t\t\t\t\t<\/div>\n\t\t\t\t<\/div>\n\t\t\t\t<div class=\"elementor-element elementor-element-d34aa25 elementor-widget elementor-widget-heading\" data-id=\"d34aa25\" data-element_type=\"widget\" data-e-type=\"widget\" data-widget_type=\"heading.default\">\n\t\t\t\t<div class=\"elementor-widget-container\">\n\t\t\t\t\t<h2 class=\"elementor-heading-title elementor-size-default\">Rapport d'alternance<\/h2>\t\t\t\t<\/div>\n\t\t\t\t<\/div>\n\t\t\t\t\t<\/div>\n\t\t\t\t<\/div>\n\t\t<div class=\"elementor-element elementor-element-f75b93d e-flex e-con-boxed wpr-particle-no wpr-jarallax-no wpr-parallax-no wpr-sticky-section-no e-con e-parent\" data-id=\"f75b93d\" data-element_type=\"container\" data-e-type=\"container\">\n\t\t\t\t\t<div class=\"e-con-inner\">\n\t\t<div class=\"elementor-element elementor-element-468b844 e-con-full e-flex wpr-particle-no wpr-jarallax-no wpr-parallax-no wpr-sticky-section-no e-con e-child\" data-id=\"468b844\" data-element_type=\"container\" data-e-type=\"container\">\n\t\t\t\t<div class=\"elementor-element elementor-element-3b01278 elementor-widget elementor-widget-text-editor\" data-id=\"3b01278\" data-element_type=\"widget\" data-e-type=\"widget\" data-widget_type=\"text-editor.default\">\n\t\t\t\t<div class=\"elementor-widget-container\">\n\t\t\t\t\t\t\t\t\t<h5>P\u00e9riode d&rsquo;alternance : septembre 2024 &#8211; juillet 2025<\/h5><p><br \/>Descriptif : immersion au sein de la Direction de la communication du D\u00e9partement des Hautes-Pyr\u00e9n\u00e9es. Elaboration de supports de communication, reportages photo et vid\u00e9o lors d&rsquo;\u00e9v\u00e9nements.<\/p><p><br \/>Comp\u00e9tences acquises : ma\u00eetrise de la suite Adobe et des r\u00e8gles associ\u00e9es \u00e0 la photographie (cadrage, r\u00e8gle des tiers, param\u00e8tres, retouche photo) et \u00e0 la vid\u00e9o (cadrage, param\u00e8tres, montage vid\u00e9o).\u00a0<br \/><br \/><\/p>\t\t\t\t\t\t\t\t<\/div>\n\t\t\t\t<\/div>\n\t\t\t\t<\/div>\n\t\t<div class=\"elementor-element elementor-element-9975819 e-con-full e-flex wpr-particle-no wpr-jarallax-no wpr-parallax-no wpr-sticky-section-no e-con e-child\" data-id=\"9975819\" data-element_type=\"container\" data-e-type=\"container\">\n\t\t\t\t<div class=\"elementor-element elementor-element-e2a49a6 elementor-align-center elementor-widget__width-initial elementor-widget elementor-widget-button\" data-id=\"e2a49a6\" data-element_type=\"widget\" data-e-type=\"widget\" data-widget_type=\"button.default\">\n\t\t\t\t<div class=\"elementor-widget-container\">\n\t\t\t\t\t\t\t\t\t<div class=\"elementor-button-wrapper\">\n\t\t\t\t\t<a class=\"elementor-button elementor-button-link elementor-size-sm\" href=\"https:\/\/mmi-tarbes.fr\/KellyPortfolio\/wp-content\/uploads\/2025\/06\/Rapport_alternance_interactif_KA.pdf\" target=\"_blank\">\n\t\t\t\t\t\t<span class=\"elementor-button-content-wrapper\">\n\t\t\t\t\t\t<span class=\"elementor-button-icon\">\n\t\t\t\t<svg aria-hidden=\"true\" class=\"e-font-icon-svg e-fas-download\" viewBox=\"0 0 512 512\" xmlns=\"http:\/\/www.w3.org\/2000\/svg\"><path d=\"M216 0h80c13.3 0 24 10.7 24 24v168h87.7c17.8 0 26.7 21.5 14.1 34.1L269.7 378.3c-7.5 7.5-19.8 7.5-27.3 0L90.1 226.1c-12.6-12.6-3.7-34.1 14.1-34.1H192V24c0-13.3 10.7-24 24-24zm296 376v112c0 13.3-10.7 24-24 24H24c-13.3 0-24-10.7-24-24V376c0-13.3 10.7-24 24-24h146.7l49 49c20.1 20.1 52.5 20.1 72.6 0l49-49H488c13.3 0 24 10.7 24 24zm-124 88c0-11-9-20-20-20s-20 9-20 20 9 20 20 20 20-9 20-20zm64 0c0-11-9-20-20-20s-20 9-20 20 9 20 20 20 20-9 20-20z\"><\/path><\/svg>\t\t\t<\/span>\n\t\t\t\t\t\t\t\t\t<span class=\"elementor-button-text\">Rapport d'alternance<\/span>\n\t\t\t\t\t<\/span>\n\t\t\t\t\t<\/a>\n\t\t\t\t<\/div>\n\t\t\t\t\t\t\t\t<\/div>\n\t\t\t\t<\/div>\n\t\t\t\t<\/div>\n\t\t\t\t\t<\/div>\n\t\t\t\t<\/div>\n\t\t<div class=\"elementor-element elementor-element-188cf2d e-flex e-con-boxed wpr-particle-no wpr-jarallax-no wpr-parallax-no wpr-sticky-section-no e-con e-parent\" data-id=\"188cf2d\" data-element_type=\"container\" data-e-type=\"container\">\n\t\t\t\t\t<div class=\"e-con-inner\">\n\t\t<div class=\"elementor-element elementor-element-356e6aa e-con-full e-flex wpr-particle-no wpr-jarallax-no wpr-parallax-no wpr-sticky-section-no e-con e-child\" data-id=\"356e6aa\" data-element_type=\"container\" data-e-type=\"container\">\n\t\t<div class=\"elementor-element elementor-element-4d7057a e-con-full e-flex wpr-particle-no wpr-jarallax-no wpr-parallax-no wpr-sticky-section-no e-con e-child\" data-id=\"4d7057a\" data-element_type=\"container\" data-e-type=\"container\">\n\t\t\t\t<div class=\"elementor-element elementor-element-bb4da20 elementor-widget elementor-widget-button\" data-id=\"bb4da20\" data-element_type=\"widget\" data-e-type=\"widget\" data-widget_type=\"button.default\">\n\t\t\t\t<div class=\"elementor-widget-container\">\n\t\t\t\t\t\t\t\t\t<div class=\"elementor-button-wrapper\">\n\t\t\t\t\t<a class=\"elementor-button elementor-button-link elementor-size-sm\" href=\"https:\/\/mmi-tarbes.fr\/KellyPortfolio\/la-communication\/\">\n\t\t\t\t\t\t<span class=\"elementor-button-content-wrapper\">\n\t\t\t\t\t\t<span class=\"elementor-button-icon\">\n\t\t\t\t<svg aria-hidden=\"true\" class=\"e-font-icon-svg e-fas-arrow-alt-circle-left\" viewBox=\"0 0 512 512\" xmlns=\"http:\/\/www.w3.org\/2000\/svg\"><path d=\"M256 504C119 504 8 393 8 256S119 8 256 8s248 111 248 248-111 248-248 248zm116-292H256v-70.9c0-10.7-13-16.1-20.5-8.5L121.2 247.5c-4.7 4.7-4.7 12.2 0 16.9l114.3 114.9c7.6 7.6 20.5 2.2 20.5-8.5V300h116c6.6 0 12-5.4 12-12v-64c0-6.6-5.4-12-12-12z\"><\/path><\/svg>\t\t\t<\/span>\n\t\t\t\t\t\t\t\t\t<span class=\"elementor-button-text\">Retour<\/span>\n\t\t\t\t\t<\/span>\n\t\t\t\t\t<\/a>\n\t\t\t\t<\/div>\n\t\t\t\t\t\t\t\t<\/div>\n\t\t\t\t<\/div>\n\t\t\t\t<\/div>\n\t\t\t\t<\/div>\n\t\t\t\t\t<\/div>\n\t\t\t\t<\/div>\n\t\t\t\t<\/div>\n\t\t","protected":false},"excerpt":{"rendered":"<p>Rapport d&rsquo;alternance P\u00e9riode d&rsquo;alternance : septembre 2024 &#8211; juillet 2025 Descriptif : immersion au sein de la Direction de la communication du D\u00e9partement des Hautes-Pyr\u00e9n\u00e9es. Elaboration de supports de communication, reportages photo et vid\u00e9o lors d&rsquo;\u00e9v\u00e9nements. Comp\u00e9tences acquises : ma\u00eetrise de la suite Adobe et des r\u00e8gles associ\u00e9es \u00e0 la photographie (cadrage, r\u00e8gle des tiers, param\u00e8tres, retouche photo) et \u00e0 la vid\u00e9o (cadrage, param\u00e8tres, montage vid\u00e9o).\u00a0 Rapport d&rsquo;alternance Retour<\/p>\n","protected":false},"author":1,"featured_media":1175,"comment_status":"closed","ping_status":"open","sticky":false,"template":"","format":"standard","meta":{"footnotes":""},"categories":[10],"tags":[],"class_list":["post-1244","post","type-post","status-publish","format-standard","has-post-thumbnail","hentry","category-communication"],"_links":{"self":[{"href":"https:\/\/mmi-tarbes.fr\/KellyPortfolio\/wp-json\/wp\/v2\/posts\/1244","targetHints":{"allow":["GET"]}}],"collection":[{"href":"https:\/\/mmi-tarbes.fr\/KellyPortfolio\/wp-json\/wp\/v2\/posts"}],"about":[{"href":"https:\/\/mmi-tarbes.fr\/KellyPortfolio\/wp-json\/wp\/v2\/types\/post"}],"author":[{"embeddable":true,"href":"https:\/\/mmi-tarbes.fr\/KellyPortfolio\/wp-json\/wp\/v2\/users\/1"}],"replies":[{"embeddable":true,"href":"https:\/\/mmi-tarbes.fr\/KellyPortfolio\/wp-json\/wp\/v2\/comments?post=1244"}],"version-history":[{"count":13,"href":"https:\/\/mmi-tarbes.fr\/KellyPortfolio\/wp-json\/wp\/v2\/posts\/1244\/revisions"}],"predecessor-version":[{"id":1263,"href":"https:\/\/mmi-tarbes.fr\/KellyPortfolio\/wp-json\/wp\/v2\/posts\/1244\/revisions\/1263"}],"wp:featuredmedia":[{"embeddable":true,"href":"https:\/\/mmi-tarbes.fr\/KellyPortfolio\/wp-json\/wp\/v2\/media\/1175"}],"wp:attachment":[{"href":"https:\/\/mmi-tarbes.fr\/KellyPortfolio\/wp-json\/wp\/v2\/media?parent=1244"}],"wp:term":[{"taxonomy":"category","embeddable":true,"href":"https:\/\/mmi-tarbes.fr\/KellyPortfolio\/wp-json\/wp\/v2\/categories?post=1244"},{"taxonomy":"post_tag","embeddable":true,"href":"https:\/\/mmi-tarbes.fr\/KellyPortfolio\/wp-json\/wp\/v2\/tags?post=1244"}],"curies":[{"name":"wp","href":"https:\/\/api.w.org\/{rel}","templated":true}]}}